{"id":4250,"date":"2024-04-15T11:13:33","date_gmt":"2024-04-15T09:13:33","guid":{"rendered":"https:\/\/agora.xtec.cat\/ceipgranullarius\/?p=4250"},"modified":"2024-04-15T11:13:33","modified_gmt":"2024-04-15T09:13:33","slug":"6e-estudi-de-mercat-cueme","status":"publish","type":"post","link":"https:\/\/agora.xtec.cat\/ceipgranullarius\/general\/6e-estudi-de-mercat-cueme\/","title":{"rendered":"6\u00e8 &#8211; Estudi de mercat CuEme"},"content":{"rendered":"<p><img loading=\"lazy\" decoding=\"async\" class=\"aligncenter size-large wp-image-4251\" src=\"https:\/\/agora.xtec.cat\/ceipgranullarius\/wp-content\/uploads\/usu769\/2024\/04\/PORTADA-2-768x1024.jpg\" alt=\"\" width=\"768\" height=\"1024\" srcset=\"https:\/\/agora.xtec.cat\/ceipgranullarius\/wp-content\/uploads\/usu769\/2024\/04\/PORTADA-2-768x1024.jpg 768w, https:\/\/agora.xtec.cat\/ceipgranullarius\/wp-content\/uploads\/usu769\/2024\/04\/PORTADA-2-225x300.jpg 225w, https:\/\/agora.xtec.cat\/ceipgranullarius\/wp-content\/uploads\/usu769\/2024\/04\/PORTADA-2-1152x1536.jpg 1152w, https:\/\/agora.xtec.cat\/ceipgranullarius\/wp-content\/uploads\/usu769\/2024\/04\/PORTADA-2-1536x2048.jpg 1536w, https:\/\/agora.xtec.cat\/ceipgranullarius\/wp-content\/uploads\/usu769\/2024\/04\/PORTADA-2-scaled.jpg 1920w\" sizes=\"auto, (max-width: 768px) 100vw, 768px\" \/><\/p>\n<p><span style=\"font-weight: 400;\">Aquest curs els alumnes de 6\u00e8 participen en el programa \u00abCultura Emprenedora a l\u2019Escola\u00bb (CuEmE) que est\u00e0 pensat per fomentar aquesta capacitat en els nois i noies del cicle superior d\u2019educaci\u00f3 prim\u00e0ria. <\/span><span style=\"font-weight: 400;\"><br \/>\n<\/span><span style=\"font-weight: 400;\">Aquest projecte s\u2019impulsa des de l\u2019ajuntament de manera transversal entre educaci\u00f3 i desenvolupament econ\u00f2mic per tal que el CuEmE sigui un programa que vagi m\u00e9s enll\u00e0 de l\u2019escola i es vinculi amb el territori: amb el propi Ajuntament, amb les entitats, les empreses i amb la poblaci\u00f3 en general. Per tant, durant un curs escolar, els nens i nenes creen i gestionen una cooperativa escolar amb el recolzament de l\u2019escola, l\u2019ajuntament i les empreses i entitats del municipi.\u00a0<\/span><\/p>\n<p><span style=\"font-weight: 400;\">Aqu\u00ed podeu veure algunes imatges dels nostres alumnes realitzant l\u2019estudi de mercat dels productes de la seva cooperativa als diferents ciutadans i ciutadanes de Granollers.<\/span><\/p>\n<p><a href=\"https:\/\/photos.app.goo.gl\/SvLKLn2pDv7iSC846\">Fotos<\/a><\/p>\n","protected":false},"excerpt":{"rendered":"<p>Aquest curs els alumnes de 6\u00e8 participen en el programa \u00abCultura Emprenedora a l\u2019Escola\u00bb (CuEmE) que est\u00e0 pensat per fomentar aquesta capacitat en els nois i noies del cicle superior d\u2019educaci\u00f3 prim\u00e0ria.<br \/>\nAquest projecte s\u2019impulsa des de l\u2019ajuntament de manera transversal entre educaci\u00f3 i desenvolupament&hellip;  <a href=\"https:\/\/agora.xtec.cat\/ceipgranullarius\/general\/6e-estudi-de-mercat-cueme\/\" title=\"Read 6\u00e8 &#8211; Estudi de mercat CuEme\">Llegeix m\u00e9s\u00bb<\/a><\/p>\n","protected":false},"author":1,"featured_media":0,"comment_status":"open","ping_status":"closed","sticky":false,"template":"","format":"standard","meta":{"_bbp_topic_count":0,"_bbp_reply_count":0,"_bbp_total_topic_count":0,"_bbp_total_reply_count":0,"_bbp_voice_count":0,"_bbp_anonymous_reply_count":0,"_bbp_topic_count_hidden":0,"_bbp_reply_count_hidden":0,"_bbp_forum_subforum_count":0,"footnotes":""},"categories":[15,50,63,51,1,4,53],"tags":[],"class_list":["post-4250","post","type-post","status-publish","format-standard","hentry","category-6e","category-cicle-superior","category-educacio-primaria","category-escola","category-general","category-portada","category-projectes"],"post_mailing_queue_ids":[],"_links":{"self":[{"href":"https:\/\/agora.xtec.cat\/ceipgranullarius\/wp-json\/wp\/v2\/posts\/4250","targetHints":{"allow":["GET"]}}],"collection":[{"href":"https:\/\/agora.xtec.cat\/ceipgranullarius\/wp-json\/wp\/v2\/posts"}],"about":[{"href":"https:\/\/agora.xtec.cat\/ceipgranullarius\/wp-json\/wp\/v2\/types\/post"}],"author":[{"embeddable":true,"href":"https:\/\/agora.xtec.cat\/ceipgranullarius\/wp-json\/wp\/v2\/users\/1"}],"replies":[{"embeddable":true,"href":"https:\/\/agora.xtec.cat\/ceipgranullarius\/wp-json\/wp\/v2\/comments?post=4250"}],"version-history":[{"count":1,"href":"https:\/\/agora.xtec.cat\/ceipgranullarius\/wp-json\/wp\/v2\/posts\/4250\/revisions"}],"predecessor-version":[{"id":4252,"href":"https:\/\/agora.xtec.cat\/ceipgranullarius\/wp-json\/wp\/v2\/posts\/4250\/revisions\/4252"}],"wp:attachment":[{"href":"https:\/\/agora.xtec.cat\/ceipgranullarius\/wp-json\/wp\/v2\/media?parent=4250"}],"wp:term":[{"taxonomy":"category","embeddable":true,"href":"https:\/\/agora.xtec.cat\/ceipgranullarius\/wp-json\/wp\/v2\/categories?post=4250"},{"taxonomy":"post_tag","embeddable":true,"href":"https:\/\/agora.xtec.cat\/ceipgranullarius\/wp-json\/wp\/v2\/tags?post=4250"}],"curies":[{"name":"wp","href":"https:\/\/api.w.org\/{rel}","templated":true}]}}