{"id":4240,"date":"2024-04-08T14:34:26","date_gmt":"2024-04-08T12:34:26","guid":{"rendered":"https:\/\/agora.xtec.cat\/ceipgranullarius\/?p=4240"},"modified":"2024-04-08T14:34:26","modified_gmt":"2024-04-08T12:34:26","slug":"6e-sortida-colonia-vidal","status":"publish","type":"post","link":"https:\/\/agora.xtec.cat\/ceipgranullarius\/general\/6e-sortida-colonia-vidal\/","title":{"rendered":"6\u00e8 &#8211; Sortida Col\u00f2nia Vidal"},"content":{"rendered":"<p><img loading=\"lazy\" decoding=\"async\" class=\"aligncenter size-large wp-image-4242\" src=\"https:\/\/agora.xtec.cat\/ceipgranullarius\/wp-content\/uploads\/usu769\/2024\/04\/portada-768x1024.jpeg\" alt=\"\" width=\"768\" height=\"1024\" srcset=\"https:\/\/agora.xtec.cat\/ceipgranullarius\/wp-content\/uploads\/usu769\/2024\/04\/portada-768x1024.jpeg 768w, https:\/\/agora.xtec.cat\/ceipgranullarius\/wp-content\/uploads\/usu769\/2024\/04\/portada-225x300.jpeg 225w, https:\/\/agora.xtec.cat\/ceipgranullarius\/wp-content\/uploads\/usu769\/2024\/04\/portada-1152x1536.jpeg 1152w, https:\/\/agora.xtec.cat\/ceipgranullarius\/wp-content\/uploads\/usu769\/2024\/04\/portada.jpeg 1536w\" sizes=\"auto, (max-width: 768px) 100vw, 768px\" \/><\/p>\n<p><span style=\"font-weight: 400;\">El passat dimarts 5 de mar\u00e7, els alumnes de 6\u00e8 van visitar la Col\u00f2nia Vidal, una antiga col\u00f2nia t\u00e8xtil ubicada al Puig-Reig, Bergued\u00e0. Aquesta experi\u00e8ncia relacionada amb el projecte d\u2019hist\u00f2ria que treballen a l\u2019\u00e0rea de medi, els hi va permetre reviure el passat en la pr\u00f2pia pell. Des de l\u2019any 1995 el Museu explica com eren la vida i el treball en una col\u00f2nia t\u00e8xtil als inicis del segle XX. Una extensa passejada per la col\u00f2nia Vidal que els hi va servir per mostrar, a trav\u00e9s d\u2019espais com l\u2019escola, la f\u00e0brica o els habitatges, la realitat d\u2019un moment hist\u00f2ric de cabdal import\u00e0ncia per la hist\u00f2ria contempor\u00e0nia del nostre pa\u00eds i la seva industrialitzaci\u00f3.<\/span><\/p>\n<p><a href=\"https:\/\/photos.app.goo.gl\/5toLtusqsSkVjbZr9\">Fotos<\/a><\/p>\n","protected":false},"excerpt":{"rendered":"<p>El passat dimarts 5 de mar\u00e7, els alumnes de 6\u00e8 van visitar la Col\u00f2nia Vidal, una antiga col\u00f2nia t\u00e8xtil ubicada al Puig-Reig, Bergued\u00e0. Aquesta experi\u00e8ncia relacionada amb el projecte d\u2019hist\u00f2ria que treballen a l\u2019\u00e0rea de medi, els hi va permetre reviure el passat en la&hellip;  <a href=\"https:\/\/agora.xtec.cat\/ceipgranullarius\/general\/6e-sortida-colonia-vidal\/\" title=\"Read 6\u00e8 &#8211; Sortida Col\u00f2nia Vidal\">Llegeix m\u00e9s\u00bb<\/a><\/p>\n","protected":false},"author":1,"featured_media":0,"comment_status":"open","ping_status":"closed","sticky":false,"template":"","format":"standard","meta":{"_bbp_topic_count":0,"_bbp_reply_count":0,"_bbp_total_topic_count":0,"_bbp_total_reply_count":0,"_bbp_voice_count":0,"_bbp_anonymous_reply_count":0,"_bbp_topic_count_hidden":0,"_bbp_reply_count_hidden":0,"_bbp_forum_subforum_count":0,"footnotes":""},"categories":[15,50,63,51,1,4],"tags":[],"class_list":["post-4240","post","type-post","status-publish","format-standard","hentry","category-6e","category-cicle-superior","category-educacio-primaria","category-escola","category-general","category-portada"],"post_mailing_queue_ids":[],"_links":{"self":[{"href":"https:\/\/agora.xtec.cat\/ceipgranullarius\/wp-json\/wp\/v2\/posts\/4240","targetHints":{"allow":["GET"]}}],"collection":[{"href":"https:\/\/agora.xtec.cat\/ceipgranullarius\/wp-json\/wp\/v2\/posts"}],"about":[{"href":"https:\/\/agora.xtec.cat\/ceipgranullarius\/wp-json\/wp\/v2\/types\/post"}],"author":[{"embeddable":true,"href":"https:\/\/agora.xtec.cat\/ceipgranullarius\/wp-json\/wp\/v2\/users\/1"}],"replies":[{"embeddable":true,"href":"https:\/\/agora.xtec.cat\/ceipgranullarius\/wp-json\/wp\/v2\/comments?post=4240"}],"version-history":[{"count":1,"href":"https:\/\/agora.xtec.cat\/ceipgranullarius\/wp-json\/wp\/v2\/posts\/4240\/revisions"}],"predecessor-version":[{"id":4243,"href":"https:\/\/agora.xtec.cat\/ceipgranullarius\/wp-json\/wp\/v2\/posts\/4240\/revisions\/4243"}],"wp:attachment":[{"href":"https:\/\/agora.xtec.cat\/ceipgranullarius\/wp-json\/wp\/v2\/media?parent=4240"}],"wp:term":[{"taxonomy":"category","embeddable":true,"href":"https:\/\/agora.xtec.cat\/ceipgranullarius\/wp-json\/wp\/v2\/categories?post=4240"},{"taxonomy":"post_tag","embeddable":true,"href":"https:\/\/agora.xtec.cat\/ceipgranullarius\/wp-json\/wp\/v2\/tags?post=4240"}],"curies":[{"name":"wp","href":"https:\/\/api.w.org\/{rel}","templated":true}]}}