{"id":4230,"date":"2024-04-02T14:54:16","date_gmt":"2024-04-02T12:54:16","guid":{"rendered":"https:\/\/agora.xtec.cat\/ceipgranullarius\/?p=4230"},"modified":"2024-04-02T14:54:16","modified_gmt":"2024-04-02T12:54:16","slug":"1r-sortida-al-museu-blau","status":"publish","type":"post","link":"https:\/\/agora.xtec.cat\/ceipgranullarius\/general\/1r-sortida-al-museu-blau\/","title":{"rendered":"1r &#8211; Sortida al Museu Blau"},"content":{"rendered":"<p><img loading=\"lazy\" decoding=\"async\" class=\"aligncenter size-large wp-image-4231\" src=\"https:\/\/agora.xtec.cat\/ceipgranullarius\/wp-content\/uploads\/usu769\/2024\/04\/0-Portada-1024x796.jpg\" alt=\"\" width=\"1024\" height=\"796\" srcset=\"https:\/\/agora.xtec.cat\/ceipgranullarius\/wp-content\/uploads\/usu769\/2024\/04\/0-Portada-1024x796.jpg 1024w, https:\/\/agora.xtec.cat\/ceipgranullarius\/wp-content\/uploads\/usu769\/2024\/04\/0-Portada-300x233.jpg 300w, https:\/\/agora.xtec.cat\/ceipgranullarius\/wp-content\/uploads\/usu769\/2024\/04\/0-Portada-768x597.jpg 768w, https:\/\/agora.xtec.cat\/ceipgranullarius\/wp-content\/uploads\/usu769\/2024\/04\/0-Portada.jpg 1049w\" sizes=\"auto, (max-width: 1024px) 100vw, 1024px\" \/><\/p>\n<p><span style=\"font-weight: 400;\">Aquest segon trimestre els nens i nenes de la classe dels linxs i dels coales hem anat al Museu Blau (Museu de Ci\u00e8ncies Naturals) de Barcelona. Hem visitat el Museu i hem fet el taller \u201cTot canvia?\u201d, on hem escoltat un conte, hem investigat amb diferents materials de la natura i hem reflexionat sobre el canvi en el m\u00f3n natural.\u00a0<\/span><\/p>\n<p><span style=\"font-weight: 400;\">Despr\u00e9s hem anat a la platja del F\u00f2rum a dinar i jugar.<\/span><\/p>\n<p><span style=\"font-weight: 400;\">Ens ho hem passat s\u00faper, s\u00faper b\u00e9!<\/span><\/p>\n<p><a href=\"https:\/\/photos.app.goo.gl\/s1y9mK1STWfKZY8D8\">Fotos<\/a><\/p>\n","protected":false},"excerpt":{"rendered":"<p>Aquest segon trimestre els nens i nenes de la classe dels linxs i dels coales hem anat al Museu Blau (Museu de Ci\u00e8ncies Naturals) de Barcelona. Hem visitat el Museu i hem fet el taller \u201cTot canvia?\u201d, on hem escoltat un conte, hem investigat amb&hellip;  <a href=\"https:\/\/agora.xtec.cat\/ceipgranullarius\/general\/1r-sortida-al-museu-blau\/\" title=\"Read 1r &#8211; Sortida al Museu Blau\">Llegeix m\u00e9s\u00bb<\/a><\/p>\n","protected":false},"author":1,"featured_media":0,"comment_status":"open","ping_status":"closed","sticky":false,"template":"","format":"standard","meta":{"_bbp_topic_count":0,"_bbp_reply_count":0,"_bbp_total_topic_count":0,"_bbp_total_reply_count":0,"_bbp_voice_count":0,"_bbp_anonymous_reply_count":0,"_bbp_topic_count_hidden":0,"_bbp_reply_count_hidden":0,"_bbp_forum_subforum_count":0,"footnotes":""},"categories":[10,62,63,51,1,4],"tags":[],"class_list":["post-4230","post","type-post","status-publish","format-standard","hentry","category-1r","category-cicle-inicial","category-educacio-primaria","category-escola","category-general","category-portada"],"post_mailing_queue_ids":[],"_links":{"self":[{"href":"https:\/\/agora.xtec.cat\/ceipgranullarius\/wp-json\/wp\/v2\/posts\/4230","targetHints":{"allow":["GET"]}}],"collection":[{"href":"https:\/\/agora.xtec.cat\/ceipgranullarius\/wp-json\/wp\/v2\/posts"}],"about":[{"href":"https:\/\/agora.xtec.cat\/ceipgranullarius\/wp-json\/wp\/v2\/types\/post"}],"author":[{"embeddable":true,"href":"https:\/\/agora.xtec.cat\/ceipgranullarius\/wp-json\/wp\/v2\/users\/1"}],"replies":[{"embeddable":true,"href":"https:\/\/agora.xtec.cat\/ceipgranullarius\/wp-json\/wp\/v2\/comments?post=4230"}],"version-history":[{"count":1,"href":"https:\/\/agora.xtec.cat\/ceipgranullarius\/wp-json\/wp\/v2\/posts\/4230\/revisions"}],"predecessor-version":[{"id":4232,"href":"https:\/\/agora.xtec.cat\/ceipgranullarius\/wp-json\/wp\/v2\/posts\/4230\/revisions\/4232"}],"wp:attachment":[{"href":"https:\/\/agora.xtec.cat\/ceipgranullarius\/wp-json\/wp\/v2\/media?parent=4230"}],"wp:term":[{"taxonomy":"category","embeddable":true,"href":"https:\/\/agora.xtec.cat\/ceipgranullarius\/wp-json\/wp\/v2\/categories?post=4230"},{"taxonomy":"post_tag","embeddable":true,"href":"https:\/\/agora.xtec.cat\/ceipgranullarius\/wp-json\/wp\/v2\/tags?post=4230"}],"curies":[{"name":"wp","href":"https:\/\/api.w.org\/{rel}","templated":true}]}}