{"id":4205,"date":"2024-02-20T12:21:37","date_gmt":"2024-02-20T11:21:37","guid":{"rendered":"https:\/\/agora.xtec.cat\/ceipgranullarius\/?p=4205"},"modified":"2024-02-20T12:21:37","modified_gmt":"2024-02-20T11:21:37","slug":"3r-sortida-temps-daventura-a-la-casa-mogent","status":"publish","type":"post","link":"https:\/\/agora.xtec.cat\/ceipgranullarius\/portada\/3r-sortida-temps-daventura-a-la-casa-mogent\/","title":{"rendered":"3r &#8211; Sortida Temps d&#8217;Aventura a la Casa Mogent"},"content":{"rendered":"<p><img loading=\"lazy\" decoding=\"async\" class=\"aligncenter size-large wp-image-4206\" src=\"https:\/\/agora.xtec.cat\/ceipgranullarius\/wp-content\/uploads\/usu769\/2024\/02\/portada-1-1024x651.jpg\" alt=\"\" width=\"1024\" height=\"651\" srcset=\"https:\/\/agora.xtec.cat\/ceipgranullarius\/wp-content\/uploads\/usu769\/2024\/02\/portada-1-1024x651.jpg 1024w, https:\/\/agora.xtec.cat\/ceipgranullarius\/wp-content\/uploads\/usu769\/2024\/02\/portada-1-300x191.jpg 300w, https:\/\/agora.xtec.cat\/ceipgranullarius\/wp-content\/uploads\/usu769\/2024\/02\/portada-1-768x488.jpg 768w, https:\/\/agora.xtec.cat\/ceipgranullarius\/wp-content\/uploads\/usu769\/2024\/02\/portada-1-1536x977.jpg 1536w, https:\/\/agora.xtec.cat\/ceipgranullarius\/wp-content\/uploads\/usu769\/2024\/02\/portada-1-2048x1302.jpg 2048w\" sizes=\"auto, (max-width: 1024px) 100vw, 1024px\" \/><\/p>\n<p><span style=\"font-weight: 400;\">Els alumnes de 3r hem anat d\u2019excursi\u00f3 a la casa Mogent en la qual hem fet un munt d\u2019activitats d\u2019aventures com tir amb arc, karts a pedals, escalar un roc\u00f2drom i un circuit s\u00faper divertit al parc vertical del bosc. Ens ho hem passat molt b\u00e9!<\/span><\/p>\n<p><a href=\"https:\/\/photos.app.goo.gl\/6ExRWrnvtcQ4e5rT9\">Fotos<\/a><\/p>\n","protected":false},"excerpt":{"rendered":"<p>Els alumnes de 3r hem anat d\u2019excursi\u00f3 a la casa Mogent en la qual hem fet un munt d\u2019activitats d\u2019aventures com tir amb arc, karts a pedals, escalar un roc\u00f2drom i un circuit s\u00faper divertit al parc vertical del bosc. Ens ho hem passat molt&hellip;  <a href=\"https:\/\/agora.xtec.cat\/ceipgranullarius\/portada\/3r-sortida-temps-daventura-a-la-casa-mogent\/\" title=\"Read 3r &#8211; Sortida Temps d&#8217;Aventura a la Casa Mogent\">Llegeix m\u00e9s\u00bb<\/a><\/p>\n","protected":false},"author":1,"featured_media":0,"comment_status":"open","ping_status":"closed","sticky":false,"template":"","format":"standard","meta":{"_bbp_topic_count":0,"_bbp_reply_count":0,"_bbp_total_topic_count":0,"_bbp_total_reply_count":0,"_bbp_voice_count":0,"_bbp_anonymous_reply_count":0,"_bbp_topic_count_hidden":0,"_bbp_reply_count_hidden":0,"_bbp_forum_subforum_count":0,"footnotes":""},"categories":[12,49,63,51,4],"tags":[],"class_list":["post-4205","post","type-post","status-publish","format-standard","hentry","category-3r","category-cicle-mitja","category-educacio-primaria","category-escola","category-portada"],"post_mailing_queue_ids":[],"_links":{"self":[{"href":"https:\/\/agora.xtec.cat\/ceipgranullarius\/wp-json\/wp\/v2\/posts\/4205","targetHints":{"allow":["GET"]}}],"collection":[{"href":"https:\/\/agora.xtec.cat\/ceipgranullarius\/wp-json\/wp\/v2\/posts"}],"about":[{"href":"https:\/\/agora.xtec.cat\/ceipgranullarius\/wp-json\/wp\/v2\/types\/post"}],"author":[{"embeddable":true,"href":"https:\/\/agora.xtec.cat\/ceipgranullarius\/wp-json\/wp\/v2\/users\/1"}],"replies":[{"embeddable":true,"href":"https:\/\/agora.xtec.cat\/ceipgranullarius\/wp-json\/wp\/v2\/comments?post=4205"}],"version-history":[{"count":1,"href":"https:\/\/agora.xtec.cat\/ceipgranullarius\/wp-json\/wp\/v2\/posts\/4205\/revisions"}],"predecessor-version":[{"id":4207,"href":"https:\/\/agora.xtec.cat\/ceipgranullarius\/wp-json\/wp\/v2\/posts\/4205\/revisions\/4207"}],"wp:attachment":[{"href":"https:\/\/agora.xtec.cat\/ceipgranullarius\/wp-json\/wp\/v2\/media?parent=4205"}],"wp:term":[{"taxonomy":"category","embeddable":true,"href":"https:\/\/agora.xtec.cat\/ceipgranullarius\/wp-json\/wp\/v2\/categories?post=4205"},{"taxonomy":"post_tag","embeddable":true,"href":"https:\/\/agora.xtec.cat\/ceipgranullarius\/wp-json\/wp\/v2\/tags?post=4205"}],"curies":[{"name":"wp","href":"https:\/\/api.w.org\/{rel}","templated":true}]}}