{"id":4167,"date":"2024-02-01T12:15:07","date_gmt":"2024-02-01T11:15:07","guid":{"rendered":"https:\/\/agora.xtec.cat\/ceipgranullarius\/?p=4167"},"modified":"2024-02-01T12:15:07","modified_gmt":"2024-02-01T11:15:07","slug":"i4-dia-de-la-pau","status":"publish","type":"post","link":"https:\/\/agora.xtec.cat\/ceipgranullarius\/general\/i4-dia-de-la-pau\/","title":{"rendered":"I4 &#8211; Dia de la Pau"},"content":{"rendered":"<p><img loading=\"lazy\" decoding=\"async\" class=\"aligncenter size-large wp-image-4168\" src=\"https:\/\/agora.xtec.cat\/ceipgranullarius\/wp-content\/uploads\/usu769\/2024\/02\/PORTADA-1024x768.jpg\" alt=\"\" width=\"1024\" height=\"768\" srcset=\"https:\/\/agora.xtec.cat\/ceipgranullarius\/wp-content\/uploads\/usu769\/2024\/02\/PORTADA-1024x768.jpg 1024w, https:\/\/agora.xtec.cat\/ceipgranullarius\/wp-content\/uploads\/usu769\/2024\/02\/PORTADA-300x225.jpg 300w, https:\/\/agora.xtec.cat\/ceipgranullarius\/wp-content\/uploads\/usu769\/2024\/02\/PORTADA-768x576.jpg 768w, https:\/\/agora.xtec.cat\/ceipgranullarius\/wp-content\/uploads\/usu769\/2024\/02\/PORTADA-1536x1152.jpg 1536w, https:\/\/agora.xtec.cat\/ceipgranullarius\/wp-content\/uploads\/usu769\/2024\/02\/PORTADA-2048x1536.jpg 2048w, https:\/\/agora.xtec.cat\/ceipgranullarius\/wp-content\/uploads\/usu769\/2024\/02\/PORTADA-200x150.jpg 200w\" sizes=\"auto, (max-width: 1024px) 100vw, 1024px\" \/><\/p>\n<p>El dia 30 de gener els Taurons Balena i els Cavallets de Mar v\u00e0rem celebrar el dia de la Pau tots junts.<\/p>\n<p>La S\u00edlvia i la Carme ens van explicar el conte \u201cEls millors amics\u201d i v\u00e0rem parlar de qu\u00e8 volia dir aix\u00f2. Va ser una conversa molt interessant.<\/p>\n<p>A la tarda v\u00e0rem ballar una dansa molt divertida que es diu \u201cLa dansa dels amics\u201d i v\u00e0rem veure un curt per aprendre a solucionar els conflictes de manera pac\u00edfica.<\/p>\n<p>Ens va agradar molt compartir una estona tots junts! Va ser una tarda molt agradable i ben acompanyats!<\/p>\n<p><a href=\"https:\/\/photos.app.goo.gl\/jkNiYdnYE6puG6tz7\">Fotos<\/a><\/p>\n","protected":false},"excerpt":{"rendered":"<p>El dia 30 de gener els Taurons Balena i els Cavallets de Mar v\u00e0rem celebrar el dia de la Pau tots junts.<br \/>\nLa S\u00edlvia i la Carme ens van explicar el conte \u201cEls millors amics\u201d i v\u00e0rem parlar de qu\u00e8 volia dir aix\u00f2. Va ser una&hellip;  <a href=\"https:\/\/agora.xtec.cat\/ceipgranullarius\/general\/i4-dia-de-la-pau\/\" title=\"Read I4 &#8211; Dia de la Pau\">Llegeix m\u00e9s\u00bb<\/a><\/p>\n","protected":false},"author":1,"featured_media":0,"comment_status":"open","ping_status":"closed","sticky":false,"template":"","format":"standard","meta":{"_bbp_topic_count":0,"_bbp_reply_count":0,"_bbp_total_topic_count":0,"_bbp_total_reply_count":0,"_bbp_voice_count":0,"_bbp_anonymous_reply_count":0,"_bbp_topic_count_hidden":0,"_bbp_reply_count_hidden":0,"_bbp_forum_subforum_count":0,"footnotes":""},"categories":[2,51,1,8,4,53],"tags":[],"class_list":["post-4167","post","type-post","status-publish","format-standard","hentry","category-educacio-infantil","category-escola","category-general","category-i4","category-portada","category-projectes"],"post_mailing_queue_ids":[],"_links":{"self":[{"href":"https:\/\/agora.xtec.cat\/ceipgranullarius\/wp-json\/wp\/v2\/posts\/4167","targetHints":{"allow":["GET"]}}],"collection":[{"href":"https:\/\/agora.xtec.cat\/ceipgranullarius\/wp-json\/wp\/v2\/posts"}],"about":[{"href":"https:\/\/agora.xtec.cat\/ceipgranullarius\/wp-json\/wp\/v2\/types\/post"}],"author":[{"embeddable":true,"href":"https:\/\/agora.xtec.cat\/ceipgranullarius\/wp-json\/wp\/v2\/users\/1"}],"replies":[{"embeddable":true,"href":"https:\/\/agora.xtec.cat\/ceipgranullarius\/wp-json\/wp\/v2\/comments?post=4167"}],"version-history":[{"count":1,"href":"https:\/\/agora.xtec.cat\/ceipgranullarius\/wp-json\/wp\/v2\/posts\/4167\/revisions"}],"predecessor-version":[{"id":4169,"href":"https:\/\/agora.xtec.cat\/ceipgranullarius\/wp-json\/wp\/v2\/posts\/4167\/revisions\/4169"}],"wp:attachment":[{"href":"https:\/\/agora.xtec.cat\/ceipgranullarius\/wp-json\/wp\/v2\/media?parent=4167"}],"wp:term":[{"taxonomy":"category","embeddable":true,"href":"https:\/\/agora.xtec.cat\/ceipgranullarius\/wp-json\/wp\/v2\/categories?post=4167"},{"taxonomy":"post_tag","embeddable":true,"href":"https:\/\/agora.xtec.cat\/ceipgranullarius\/wp-json\/wp\/v2\/tags?post=4167"}],"curies":[{"name":"wp","href":"https:\/\/api.w.org\/{rel}","templated":true}]}}