{"id":4155,"date":"2024-01-22T13:57:58","date_gmt":"2024-01-22T12:57:58","guid":{"rendered":"https:\/\/agora.xtec.cat\/ceipgranullarius\/?p=4155"},"modified":"2024-02-14T11:33:36","modified_gmt":"2024-02-14T10:33:36","slug":"arts-craft-cicle-mitja","status":"publish","type":"post","link":"https:\/\/agora.xtec.cat\/ceipgranullarius\/general\/arts-craft-cicle-mitja\/","title":{"rendered":"Arts &#038; Crafts Cicle Mitj\u00e0"},"content":{"rendered":"<p><img loading=\"lazy\" decoding=\"async\" class=\"aligncenter size-large wp-image-4156\" src=\"https:\/\/agora.xtec.cat\/ceipgranullarius\/wp-content\/uploads\/usu769\/2024\/01\/0.-Portada-1-1024x462.jpg\" alt=\"\" width=\"1024\" height=\"462\" srcset=\"https:\/\/agora.xtec.cat\/ceipgranullarius\/wp-content\/uploads\/usu769\/2024\/01\/0.-Portada-1-1024x462.jpg 1024w, https:\/\/agora.xtec.cat\/ceipgranullarius\/wp-content\/uploads\/usu769\/2024\/01\/0.-Portada-1-300x135.jpg 300w, https:\/\/agora.xtec.cat\/ceipgranullarius\/wp-content\/uploads\/usu769\/2024\/01\/0.-Portada-1-768x346.jpg 768w, https:\/\/agora.xtec.cat\/ceipgranullarius\/wp-content\/uploads\/usu769\/2024\/01\/0.-Portada-1-1536x692.jpg 1536w, https:\/\/agora.xtec.cat\/ceipgranullarius\/wp-content\/uploads\/usu769\/2024\/01\/0.-Portada-1-2048x923.jpg 2048w\" sizes=\"auto, (max-width: 1024px) 100vw, 1024px\" \/><\/p>\n<p>Aquest any estem realitzant 7 tallers d\u2019art a Cicle Mitj\u00e0. Treballem els artistes V.Kandinsky, G.Klimt, K.Haring, P.Picasso, G.P. Seurat i les t\u00e8cniques de dibuix al natural i Op Art. A m\u00e9s a m\u00e9s, per tal d\u2019impulsar la llengua estrangera a la nostra escola, tres d\u2019aquests tallers s\u2019estan fent en angl\u00e8s. Aqu\u00ed us deixem un tastet d\u2019algunes imatges dels tallers!<\/p>\n<p><a href=\"https:\/\/photos.app.goo.gl\/CeQnvxzHrVWKMUWS8\">Fotos<\/a><\/p>\n","protected":false},"excerpt":{"rendered":"<p>Aquest any estem realitzant 7 tallers d\u2019art a Cicle Mitj\u00e0. Treballem els artistes V.Kandinsky, G.Klimt, K.Haring, P.Picasso, G.P. Seurat i les t\u00e8cniques de dibuix al natural i Op Art. A m\u00e9s a m\u00e9s, per tal d\u2019impulsar la llengua estrangera a la nostra escola, tres d\u2019aquests&hellip;  <a href=\"https:\/\/agora.xtec.cat\/ceipgranullarius\/general\/arts-craft-cicle-mitja\/\" title=\"Read Arts &#038; Crafts Cicle Mitj\u00e0\">Llegeix m\u00e9s\u00bb<\/a><\/p>\n","protected":false},"author":1,"featured_media":0,"comment_status":"open","ping_status":"closed","sticky":false,"template":"","format":"standard","meta":{"_bbp_topic_count":0,"_bbp_reply_count":0,"_bbp_total_topic_count":0,"_bbp_total_reply_count":0,"_bbp_voice_count":0,"_bbp_anonymous_reply_count":0,"_bbp_topic_count_hidden":0,"_bbp_reply_count_hidden":0,"_bbp_forum_subforum_count":0,"footnotes":""},"categories":[12,13,49,63,51,1,46,4,53],"tags":[],"class_list":["post-4155","post","type-post","status-publish","format-standard","hentry","category-3r","category-4t","category-cicle-mitja","category-educacio-primaria","category-escola","category-general","category-som-escola-gep","category-portada","category-projectes"],"post_mailing_queue_ids":[],"_links":{"self":[{"href":"https:\/\/agora.xtec.cat\/ceipgranullarius\/wp-json\/wp\/v2\/posts\/4155","targetHints":{"allow":["GET"]}}],"collection":[{"href":"https:\/\/agora.xtec.cat\/ceipgranullarius\/wp-json\/wp\/v2\/posts"}],"about":[{"href":"https:\/\/agora.xtec.cat\/ceipgranullarius\/wp-json\/wp\/v2\/types\/post"}],"author":[{"embeddable":true,"href":"https:\/\/agora.xtec.cat\/ceipgranullarius\/wp-json\/wp\/v2\/users\/1"}],"replies":[{"embeddable":true,"href":"https:\/\/agora.xtec.cat\/ceipgranullarius\/wp-json\/wp\/v2\/comments?post=4155"}],"version-history":[{"count":2,"href":"https:\/\/agora.xtec.cat\/ceipgranullarius\/wp-json\/wp\/v2\/posts\/4155\/revisions"}],"predecessor-version":[{"id":4191,"href":"https:\/\/agora.xtec.cat\/ceipgranullarius\/wp-json\/wp\/v2\/posts\/4155\/revisions\/4191"}],"wp:attachment":[{"href":"https:\/\/agora.xtec.cat\/ceipgranullarius\/wp-json\/wp\/v2\/media?parent=4155"}],"wp:term":[{"taxonomy":"category","embeddable":true,"href":"https:\/\/agora.xtec.cat\/ceipgranullarius\/wp-json\/wp\/v2\/categories?post=4155"},{"taxonomy":"post_tag","embeddable":true,"href":"https:\/\/agora.xtec.cat\/ceipgranullarius\/wp-json\/wp\/v2\/tags?post=4155"}],"curies":[{"name":"wp","href":"https:\/\/api.w.org\/{rel}","templated":true}]}}