{"id":4139,"date":"2024-01-12T16:06:30","date_gmt":"2024-01-12T15:06:30","guid":{"rendered":"https:\/\/agora.xtec.cat\/ceipgranullarius\/?p=4139"},"modified":"2024-01-12T16:06:30","modified_gmt":"2024-01-12T15:06:30","slug":"5e-museu-historia-de-catalunya","status":"publish","type":"post","link":"https:\/\/agora.xtec.cat\/ceipgranullarius\/general\/5e-museu-historia-de-catalunya\/","title":{"rendered":"5\u00e8 &#8211; Museu Hist\u00f2ria de Catalunya"},"content":{"rendered":"<p><img loading=\"lazy\" decoding=\"async\" class=\"aligncenter size-large wp-image-4141\" src=\"https:\/\/agora.xtec.cat\/ceipgranullarius\/wp-content\/uploads\/usu769\/2024\/01\/1.-PORTADA-1-1024x768.jpg\" alt=\"\" width=\"1024\" height=\"768\" srcset=\"https:\/\/agora.xtec.cat\/ceipgranullarius\/wp-content\/uploads\/usu769\/2024\/01\/1.-PORTADA-1-1024x768.jpg 1024w, https:\/\/agora.xtec.cat\/ceipgranullarius\/wp-content\/uploads\/usu769\/2024\/01\/1.-PORTADA-1-300x225.jpg 300w, https:\/\/agora.xtec.cat\/ceipgranullarius\/wp-content\/uploads\/usu769\/2024\/01\/1.-PORTADA-1-768x576.jpg 768w, https:\/\/agora.xtec.cat\/ceipgranullarius\/wp-content\/uploads\/usu769\/2024\/01\/1.-PORTADA-1-1536x1152.jpg 1536w, https:\/\/agora.xtec.cat\/ceipgranullarius\/wp-content\/uploads\/usu769\/2024\/01\/1.-PORTADA-1-2048x1536.jpg 2048w, https:\/\/agora.xtec.cat\/ceipgranullarius\/wp-content\/uploads\/usu769\/2024\/01\/1.-PORTADA-1-200x150.jpg 200w\" sizes=\"auto, (max-width: 1024px) 100vw, 1024px\" \/><\/p>\n<p><span style=\"font-weight: 400;\">El passat dimarts 5 de desembre els i les alumnes de 5\u00e8 vam anar d\u2019excursi\u00f3 al Museu d\u2019Hist\u00f2ria. Vam con\u00e8ixer de primera m\u00e0 les diferents edats de la Hist\u00f2ria a trav\u00e9s de l\u2019habitatge. Vam veure on i com vivien les societats passades i fins i tot vam poder vestir-nos com si un de nosaltres fos de cada \u00e8poca.<\/span><\/p>\n<p><span style=\"font-weight: 400;\">Vam anar passant cronol\u00f2gicament per les diferents edats: la prehist\u00f2ria, l\u2019edat antiga, l\u2019\u00e8poca medieval, l\u2019edat moderna i l\u2019edat contempor\u00e0nia.<\/span><\/p>\n<p><span style=\"font-weight: 400;\">Despr\u00e9s de la visita vam dinar tots junts a prop del Port Vell de Barcelona.<\/span><\/p>\n<p><a href=\"https:\/\/photos.app.goo.gl\/uDSLoaQBjGy2QwWE8\">Fotos<\/a><\/p>\n","protected":false},"excerpt":{"rendered":"<p>El passat dimarts 5 de desembre els i les alumnes de 5\u00e8 vam anar d\u2019excursi\u00f3 al Museu d\u2019Hist\u00f2ria. Vam con\u00e8ixer de primera m\u00e0 les diferents edats de la Hist\u00f2ria a trav\u00e9s de l\u2019habitatge. Vam veure on i com vivien les societats passades i fins i&hellip;  <a href=\"https:\/\/agora.xtec.cat\/ceipgranullarius\/general\/5e-museu-historia-de-catalunya\/\" title=\"Read 5\u00e8 &#8211; Museu Hist\u00f2ria de Catalunya\">Llegeix m\u00e9s\u00bb<\/a><\/p>\n","protected":false},"author":1,"featured_media":0,"comment_status":"open","ping_status":"closed","sticky":false,"template":"","format":"standard","meta":{"_bbp_topic_count":0,"_bbp_reply_count":0,"_bbp_total_topic_count":0,"_bbp_total_reply_count":0,"_bbp_voice_count":0,"_bbp_anonymous_reply_count":0,"_bbp_topic_count_hidden":0,"_bbp_reply_count_hidden":0,"_bbp_forum_subforum_count":0,"footnotes":""},"categories":[14,50,63,51,1,4],"tags":[],"class_list":["post-4139","post","type-post","status-publish","format-standard","hentry","category-5e","category-cicle-superior","category-educacio-primaria","category-escola","category-general","category-portada"],"post_mailing_queue_ids":[],"_links":{"self":[{"href":"https:\/\/agora.xtec.cat\/ceipgranullarius\/wp-json\/wp\/v2\/posts\/4139","targetHints":{"allow":["GET"]}}],"collection":[{"href":"https:\/\/agora.xtec.cat\/ceipgranullarius\/wp-json\/wp\/v2\/posts"}],"about":[{"href":"https:\/\/agora.xtec.cat\/ceipgranullarius\/wp-json\/wp\/v2\/types\/post"}],"author":[{"embeddable":true,"href":"https:\/\/agora.xtec.cat\/ceipgranullarius\/wp-json\/wp\/v2\/users\/1"}],"replies":[{"embeddable":true,"href":"https:\/\/agora.xtec.cat\/ceipgranullarius\/wp-json\/wp\/v2\/comments?post=4139"}],"version-history":[{"count":1,"href":"https:\/\/agora.xtec.cat\/ceipgranullarius\/wp-json\/wp\/v2\/posts\/4139\/revisions"}],"predecessor-version":[{"id":4142,"href":"https:\/\/agora.xtec.cat\/ceipgranullarius\/wp-json\/wp\/v2\/posts\/4139\/revisions\/4142"}],"wp:attachment":[{"href":"https:\/\/agora.xtec.cat\/ceipgranullarius\/wp-json\/wp\/v2\/media?parent=4139"}],"wp:term":[{"taxonomy":"category","embeddable":true,"href":"https:\/\/agora.xtec.cat\/ceipgranullarius\/wp-json\/wp\/v2\/categories?post=4139"},{"taxonomy":"post_tag","embeddable":true,"href":"https:\/\/agora.xtec.cat\/ceipgranullarius\/wp-json\/wp\/v2\/tags?post=4139"}],"curies":[{"name":"wp","href":"https:\/\/api.w.org\/{rel}","templated":true}]}}