{"id":4094,"date":"2024-01-08T13:09:37","date_gmt":"2024-01-08T12:09:37","guid":{"rendered":"https:\/\/agora.xtec.cat\/ceipgranullarius\/?p=4094"},"modified":"2024-01-08T13:09:37","modified_gmt":"2024-01-08T12:09:37","slug":"6e-racons-matematics-1r-trimestre","status":"publish","type":"post","link":"https:\/\/agora.xtec.cat\/ceipgranullarius\/general\/6e-racons-matematics-1r-trimestre\/","title":{"rendered":"6\u00e8 &#8211; Racons matem\u00e0tics 1r Trimestre"},"content":{"rendered":"<p><img loading=\"lazy\" decoding=\"async\" class=\"aligncenter size-large wp-image-4095\" src=\"https:\/\/agora.xtec.cat\/ceipgranullarius\/wp-content\/uploads\/usu769\/2024\/01\/0.-Portada-1024x768.jpg\" alt=\"\" width=\"1024\" height=\"768\" srcset=\"https:\/\/agora.xtec.cat\/ceipgranullarius\/wp-content\/uploads\/usu769\/2024\/01\/0.-Portada-1024x768.jpg 1024w, https:\/\/agora.xtec.cat\/ceipgranullarius\/wp-content\/uploads\/usu769\/2024\/01\/0.-Portada-300x225.jpg 300w, https:\/\/agora.xtec.cat\/ceipgranullarius\/wp-content\/uploads\/usu769\/2024\/01\/0.-Portada-768x576.jpg 768w, https:\/\/agora.xtec.cat\/ceipgranullarius\/wp-content\/uploads\/usu769\/2024\/01\/0.-Portada-1536x1152.jpg 1536w, https:\/\/agora.xtec.cat\/ceipgranullarius\/wp-content\/uploads\/usu769\/2024\/01\/0.-Portada-2048x1536.jpg 2048w, https:\/\/agora.xtec.cat\/ceipgranullarius\/wp-content\/uploads\/usu769\/2024\/01\/0.-Portada-200x150.jpg 200w\" sizes=\"auto, (max-width: 1024px) 100vw, 1024px\" \/><\/p>\n<p><strong>Racons matem\u00e0tics a 6\u00e8<\/strong><\/p>\n<p>A les sessions de racons matem\u00e0tics els i les alumnes de 6\u00e8 duem a terme diferents activitats per tal de treballar diversos continguts matem\u00e0tics. S\u00f3n propostes din\u00e0miques i manipulatives, on tots junts compartim els nostres aprenentatges.<\/p>\n<p>El que m\u00e9s ens agrada \u00e9s poder treballar les dues classes juntes!<\/p>\n<p><a href=\"https:\/\/photos.app.goo.gl\/e4D921aSAb9BVSWz8\">Enlla\u00e7 a les fotos<\/a><\/p>\n","protected":false},"excerpt":{"rendered":"<p>Racons matem\u00e0tics a 6\u00e8<br \/>\nA les sessions de racons matem\u00e0tics els i les alumnes de 6\u00e8 duem a terme diferents activitats per tal de treballar diversos continguts matem\u00e0tics. S\u00f3n propostes din\u00e0miques i manipulatives, on tots junts compartim els nostres aprenentatges.<br \/>\nEl que m\u00e9s ens agrada \u00e9s poder&hellip;  <a href=\"https:\/\/agora.xtec.cat\/ceipgranullarius\/general\/6e-racons-matematics-1r-trimestre\/\" title=\"Read 6\u00e8 &#8211; Racons matem\u00e0tics 1r Trimestre\">Llegeix m\u00e9s\u00bb<\/a><\/p>\n","protected":false},"author":1,"featured_media":0,"comment_status":"open","ping_status":"closed","sticky":false,"template":"","format":"standard","meta":{"_bbp_topic_count":0,"_bbp_reply_count":0,"_bbp_total_topic_count":0,"_bbp_total_reply_count":0,"_bbp_voice_count":0,"_bbp_anonymous_reply_count":0,"_bbp_topic_count_hidden":0,"_bbp_reply_count_hidden":0,"_bbp_forum_subforum_count":0,"footnotes":""},"categories":[15,50,51,1,4],"tags":[],"class_list":["post-4094","post","type-post","status-publish","format-standard","hentry","category-6e","category-cicle-superior","category-escola","category-general","category-portada"],"post_mailing_queue_ids":[],"_links":{"self":[{"href":"https:\/\/agora.xtec.cat\/ceipgranullarius\/wp-json\/wp\/v2\/posts\/4094","targetHints":{"allow":["GET"]}}],"collection":[{"href":"https:\/\/agora.xtec.cat\/ceipgranullarius\/wp-json\/wp\/v2\/posts"}],"about":[{"href":"https:\/\/agora.xtec.cat\/ceipgranullarius\/wp-json\/wp\/v2\/types\/post"}],"author":[{"embeddable":true,"href":"https:\/\/agora.xtec.cat\/ceipgranullarius\/wp-json\/wp\/v2\/users\/1"}],"replies":[{"embeddable":true,"href":"https:\/\/agora.xtec.cat\/ceipgranullarius\/wp-json\/wp\/v2\/comments?post=4094"}],"version-history":[{"count":1,"href":"https:\/\/agora.xtec.cat\/ceipgranullarius\/wp-json\/wp\/v2\/posts\/4094\/revisions"}],"predecessor-version":[{"id":4096,"href":"https:\/\/agora.xtec.cat\/ceipgranullarius\/wp-json\/wp\/v2\/posts\/4094\/revisions\/4096"}],"wp:attachment":[{"href":"https:\/\/agora.xtec.cat\/ceipgranullarius\/wp-json\/wp\/v2\/media?parent=4094"}],"wp:term":[{"taxonomy":"category","embeddable":true,"href":"https:\/\/agora.xtec.cat\/ceipgranullarius\/wp-json\/wp\/v2\/categories?post=4094"},{"taxonomy":"post_tag","embeddable":true,"href":"https:\/\/agora.xtec.cat\/ceipgranullarius\/wp-json\/wp\/v2\/tags?post=4094"}],"curies":[{"name":"wp","href":"https:\/\/api.w.org\/{rel}","templated":true}]}}