{"id":4090,"date":"2024-01-08T12:08:06","date_gmt":"2024-01-08T11:08:06","guid":{"rendered":"https:\/\/agora.xtec.cat\/ceipgranullarius\/?p=4090"},"modified":"2024-01-08T12:51:23","modified_gmt":"2024-01-08T11:51:23","slug":"concerts-de-nadal-18-i-19-de-desembre-de-2023","status":"publish","type":"post","link":"https:\/\/agora.xtec.cat\/ceipgranullarius\/general\/concerts-de-nadal-18-i-19-de-desembre-de-2023\/","title":{"rendered":"Concerts de Nadal &#8211; 18 i 19 de desembre de 2023"},"content":{"rendered":"<p><img loading=\"lazy\" decoding=\"async\" class=\"aligncenter size-large wp-image-4091\" src=\"https:\/\/agora.xtec.cat\/ceipgranullarius\/wp-content\/uploads\/usu769\/2024\/01\/1702983723926-1-768x1024.jpg\" alt=\"\" width=\"768\" height=\"1024\" srcset=\"https:\/\/agora.xtec.cat\/ceipgranullarius\/wp-content\/uploads\/usu769\/2024\/01\/1702983723926-1-768x1024.jpg 768w, https:\/\/agora.xtec.cat\/ceipgranullarius\/wp-content\/uploads\/usu769\/2024\/01\/1702983723926-1-225x300.jpg 225w, https:\/\/agora.xtec.cat\/ceipgranullarius\/wp-content\/uploads\/usu769\/2024\/01\/1702983723926-1-1152x1536.jpg 1152w, https:\/\/agora.xtec.cat\/ceipgranullarius\/wp-content\/uploads\/usu769\/2024\/01\/1702983723926-1-1536x2048.jpg 1536w, https:\/\/agora.xtec.cat\/ceipgranullarius\/wp-content\/uploads\/usu769\/2024\/01\/1702983723926-1-scaled.jpg 1920w\" sizes=\"auto, (max-width: 768px) 100vw, 768px\" \/><\/p>\n<p>Despr\u00e9s d&#8217;uns dies de descans, tornem a l&#8217;escola amb molta energia i amb ganes de compartir amb vosaltres els v\u00eddeos de les diferents can\u00e7ons i poemes que van representar els nostres infants els dies dels concerts de Nadal.<\/p>\n<p>Desitgem que en gaudiu, igual que van gaudir ells i elles fent-los!<\/p>\n<p>I3A &#8211; <a href=\"https:\/\/drive.google.com\/file\/d\/1qY4I8uMnn4DCurZOSO29AVuL6ElfrMmF\/view?usp=drive_link\">Can\u00e7\u00f3<\/a> &#8211; <a href=\"https:\/\/drive.google.com\/file\/d\/1nkDzev-xc-kHwTHFCTHQT0vDr56wYgHr\/view?usp=drive_link\">Poema<\/a><\/p>\n<p>I3B &#8211; <a href=\"https:\/\/drive.google.com\/file\/d\/1Y6jSMBF5uGWOiuz_4H62UFxdPTN3dLFD\/view?usp=drive_link\">Can\u00e7\u00f3<\/a> &#8211; <a href=\"https:\/\/drive.google.com\/file\/d\/1YnaVy9tMydIwCII_yXjULYJgVen8E29R\/view?usp=drive_link\">Poema<\/a><\/p>\n<p>I4A &#8211; <a href=\"https:\/\/drive.google.com\/file\/d\/1y5YOHV4dvF7F_G8AJxo6K1Cw01bHfEid\/view?usp=drive_link\">Can\u00e7\u00f3<\/a> &#8211; <a href=\"https:\/\/drive.google.com\/file\/d\/18kqR4MxOLfuJ61myvZczq_uLgjTF444b\/view?usp=sharing\">Poema<\/a><\/p>\n<p>I4B &#8211; <a href=\"https:\/\/drive.google.com\/file\/d\/1L6uNeo7Y8ILwUfo8I-gY8nd-mtmM6FcD\/view?usp=drive_link\">Can\u00e7\u00f3<\/a> &#8211; <a href=\"https:\/\/drive.google.com\/file\/d\/15nlB862zLF5w-Whtni0ddOwwknNkH0TU\/view?usp=drive_link\">Poema<\/a><\/p>\n<p>I5A &#8211; <a href=\"https:\/\/drive.google.com\/file\/d\/1TmoBffulITQfUVei4vR-hrAUrZTiACdp\/view?usp=drive_link\">Can\u00e7\u00f3<\/a> &#8211; <a href=\"https:\/\/drive.google.com\/file\/d\/1_Q0xJRn4f6Yp4N8-i_xrUfEvvb96E8BT\/view?usp=drive_link\">Poema<\/a><\/p>\n<p>I5B &#8211; <a href=\"https:\/\/drive.google.com\/file\/d\/1qLwf-UwNVEIS-IMWnROUNtF3HHAXU3TA\/view?usp=drive_link\">Can\u00e7\u00f3<\/a> &#8211; <a href=\"https:\/\/drive.google.com\/file\/d\/1GCLO-eZ8IyCvc84_aXUVmoXER6b3QuKe\/view?usp=drive_link\">Poema<\/a><\/p>\n<p>1rA &#8211; <a href=\"https:\/\/drive.google.com\/file\/d\/1hPfJ2e5a07aZfruntz3EP1kN3KyU9g4E\/view?usp=drive_link\">Can\u00e7\u00f3<\/a> &#8211; <a href=\"https:\/\/drive.google.com\/file\/d\/19NBb6AbT2NVafbBvea_khZO97txUT5bh\/view?usp=drive_link\">Poema<\/a><\/p>\n<p>1rB &#8211; <a href=\"https:\/\/drive.google.com\/file\/d\/1DspHCe0jyPLIVILniIr0g84yYHhoQ3mZ\/view?usp=drive_link\">Can\u00e7\u00f3<\/a> &#8211; <a href=\"https:\/\/drive.google.com\/file\/d\/19pqZyDTuJIy_U2m5T5lKsSFIkN7OI_sm\/view?usp=drive_link\">Poema<\/a><\/p>\n<p>2nA &#8211; <a href=\"https:\/\/drive.google.com\/file\/d\/1GKYYtIMBNz_pXnplRzOcoN2ZcVGVsFCN\/view?usp=drive_link\">Can\u00e7\u00f3<\/a> &#8211; <a href=\"https:\/\/drive.google.com\/file\/d\/1hOoN-jjuWHUlK42YdLKOqvRMgjeIKrjj\/view?usp=drive_link\">Poema<\/a><\/p>\n<p>3rA &#8211; <a href=\"https:\/\/drive.google.com\/file\/d\/1Yg3eq5a1wyv2hd7_Oo5X9O0CZ9bLP4-l\/view?usp=drive_link\">Can\u00e7\u00f3<\/a> &#8211; <a href=\"https:\/\/drive.google.com\/file\/d\/1MtfD5_3OhUbLguq6Nj-Z9xOuhStLB1Cc\/view?usp=drive_link\">Poema<\/a><\/p>\n<p>4tA &#8211; <a href=\"https:\/\/drive.google.com\/file\/d\/1WKaSZa7hVlPtChx5y0CKMUl7hpb2o8cP\/view?usp=drive_link\">Can\u00e7\u00f3<\/a> &#8211; <a href=\"https:\/\/drive.google.com\/file\/d\/1LzvKbBspDPiommhpAToddnnWsjqSeBxf\/view?usp=drive_link\">Poema<\/a><\/p>\n<p>4tB &#8211; <a href=\"https:\/\/drive.google.com\/file\/d\/1HDbFYjTk9d5BNjKsYLAjNt6J9EbG2S2G\/view?usp=drive_link\">Can\u00e7\u00f3<\/a> &#8211; <a href=\"https:\/\/drive.google.com\/file\/d\/1MzSlKxdi1JE-IW7gRRYu786FEOLSq6Hm\/view?usp=drive_link\">Poema<\/a><\/p>\n<p>5\u00e8A &#8211; <a href=\"https:\/\/drive.google.com\/file\/d\/1pwn4Q54IP2tHyUuFpHV7NvptKcUgO10Q\/view?usp=drive_link\">Can\u00e7\u00f3 catal\u00e0<\/a> &#8211; <a href=\"https:\/\/drive.google.com\/file\/d\/1uXuw2u4NdQrIAkGgNJRh2nDU5MV_M40t\/view?usp=drive_link\">Can\u00e7\u00f3 angl\u00e8s<\/a><\/p>\n<p>5\u00e8B &#8211; <a href=\"https:\/\/drive.google.com\/file\/d\/1L7CeXT-n1WrNpQ5DK05NlALSqEfBDmkz\/view?usp=drive_link\">Can\u00e7\u00f3 catal\u00e0<\/a> &#8211; <a href=\"https:\/\/drive.google.com\/file\/d\/1Lzp1gJwY9-7kSqZQVkPeSjc8JVTklHMw\/view?usp=drive_link\">Can\u00e7\u00f3 angl\u00e8s<\/a><\/p>\n<p>6\u00e8A &#8211; <a href=\"https:\/\/drive.google.com\/file\/d\/1-S7USfcmSBNgEY0xgpsYwwVGhfsoNOS8\/view?usp=drive_link\">Can\u00e7\u00f3 catal\u00e0<\/a> &#8211; <a href=\"https:\/\/drive.google.com\/file\/d\/1ygfiXJox1KXyLXKTDQkYnNsWxxxw2uDu\/view?usp=drive_link\">Can\u00e7\u00f3 angl\u00e8s<\/a><\/p>\n","protected":false},"excerpt":{"rendered":"<p>Despr\u00e9s d&#8217;uns dies de descans, tornem a l&#8217;escola amb molta energia i amb ganes de compartir amb vosaltres els v\u00eddeos de les diferents can\u00e7ons i poemes que van representar els nostres infants els dies dels concerts de Nadal.<br \/>\nDesitgem que en gaudiu, igual que van gaudir&hellip;  <a href=\"https:\/\/agora.xtec.cat\/ceipgranullarius\/general\/concerts-de-nadal-18-i-19-de-desembre-de-2023\/\" title=\"Read Concerts de Nadal &#8211; 18 i 19 de desembre de 2023\">Llegeix m\u00e9s\u00bb<\/a><\/p>\n","protected":false},"author":1,"featured_media":0,"comment_status":"open","ping_status":"closed","sticky":false,"template":"","format":"standard","meta":{"_bbp_topic_count":0,"_bbp_reply_count":0,"_bbp_total_topic_count":0,"_bbp_total_reply_count":0,"_bbp_voice_count":0,"_bbp_anonymous_reply_count":0,"_bbp_topic_count_hidden":0,"_bbp_reply_count_hidden":0,"_bbp_forum_subforum_count":0,"footnotes":""},"categories":[10,11,12,13,14,15,62,49,50,2,63,51,1,3,8,9,4],"tags":[],"class_list":["post-4090","post","type-post","status-publish","format-standard","hentry","category-1r","category-2n","category-3r","category-4t","category-5e","category-6e","category-cicle-inicial","category-cicle-mitja","category-cicle-superior","category-educacio-infantil","category-educacio-primaria","category-escola","category-general","category-i3","category-i4","category-i5","category-portada"],"post_mailing_queue_ids":[],"_links":{"self":[{"href":"https:\/\/agora.xtec.cat\/ceipgranullarius\/wp-json\/wp\/v2\/posts\/4090","targetHints":{"allow":["GET"]}}],"collection":[{"href":"https:\/\/agora.xtec.cat\/ceipgranullarius\/wp-json\/wp\/v2\/posts"}],"about":[{"href":"https:\/\/agora.xtec.cat\/ceipgranullarius\/wp-json\/wp\/v2\/types\/post"}],"author":[{"embeddable":true,"href":"https:\/\/agora.xtec.cat\/ceipgranullarius\/wp-json\/wp\/v2\/users\/1"}],"replies":[{"embeddable":true,"href":"https:\/\/agora.xtec.cat\/ceipgranullarius\/wp-json\/wp\/v2\/comments?post=4090"}],"version-history":[{"count":2,"href":"https:\/\/agora.xtec.cat\/ceipgranullarius\/wp-json\/wp\/v2\/posts\/4090\/revisions"}],"predecessor-version":[{"id":4093,"href":"https:\/\/agora.xtec.cat\/ceipgranullarius\/wp-json\/wp\/v2\/posts\/4090\/revisions\/4093"}],"wp:attachment":[{"href":"https:\/\/agora.xtec.cat\/ceipgranullarius\/wp-json\/wp\/v2\/media?parent=4090"}],"wp:term":[{"taxonomy":"category","embeddable":true,"href":"https:\/\/agora.xtec.cat\/ceipgranullarius\/wp-json\/wp\/v2\/categories?post=4090"},{"taxonomy":"post_tag","embeddable":true,"href":"https:\/\/agora.xtec.cat\/ceipgranullarius\/wp-json\/wp\/v2\/tags?post=4090"}],"curies":[{"name":"wp","href":"https:\/\/api.w.org\/{rel}","templated":true}]}}