{"id":4056,"date":"2023-12-04T11:48:12","date_gmt":"2023-12-04T10:48:12","guid":{"rendered":"https:\/\/agora.xtec.cat\/ceipgranullarius\/?p=4056"},"modified":"2023-12-04T11:48:12","modified_gmt":"2023-12-04T10:48:12","slug":"1r-visitem-la-biblioteca-de-can-pedrals","status":"publish","type":"post","link":"https:\/\/agora.xtec.cat\/ceipgranullarius\/general\/1r-visitem-la-biblioteca-de-can-pedrals\/","title":{"rendered":"1r &#8211; Visitem la biblioteca de Can Pedrals!"},"content":{"rendered":"<p><img loading=\"lazy\" decoding=\"async\" class=\"aligncenter size-large wp-image-4057\" src=\"https:\/\/agora.xtec.cat\/ceipgranullarius\/wp-content\/uploads\/usu769\/2023\/12\/0.-Tapa-1024x771.jpg\" alt=\"\" width=\"1024\" height=\"771\" srcset=\"https:\/\/agora.xtec.cat\/ceipgranullarius\/wp-content\/uploads\/usu769\/2023\/12\/0.-Tapa-1024x771.jpg 1024w, https:\/\/agora.xtec.cat\/ceipgranullarius\/wp-content\/uploads\/usu769\/2023\/12\/0.-Tapa-300x226.jpg 300w, https:\/\/agora.xtec.cat\/ceipgranullarius\/wp-content\/uploads\/usu769\/2023\/12\/0.-Tapa-768x578.jpg 768w, https:\/\/agora.xtec.cat\/ceipgranullarius\/wp-content\/uploads\/usu769\/2023\/12\/0.-Tapa-1536x1157.jpg 1536w, https:\/\/agora.xtec.cat\/ceipgranullarius\/wp-content\/uploads\/usu769\/2023\/12\/0.-Tapa-2048x1542.jpg 2048w, https:\/\/agora.xtec.cat\/ceipgranullarius\/wp-content\/uploads\/usu769\/2023\/12\/0.-Tapa-200x150.jpg 200w\" sizes=\"auto, (max-width: 1024px) 100vw, 1024px\" \/><\/p>\n<p><span style=\"font-weight: 400;\">Els i les alumnes de la classe dels linxs (1r A) i els coales (1r B) hem visitat la Biblioteca de Can Pedrals, tot i que alguns ja la coneix\u00edem.<\/span><\/p>\n<p><span style=\"font-weight: 400;\">La Pilar, la bibliotec\u00e0ria, ens ha explicat el que ens podem emportar a casa en pr\u00e9stec amb el carnet de la biblioteca (llibres, contes, c\u00f2mics, revistes, jocs&#8230;). Tamb\u00e9 ens ha explicat diferents contes i despr\u00e9s hem pogut llegir-ne alguns.<\/span><\/p>\n<p><span style=\"font-weight: 400;\">Amb el carnet de la nostra mestra hem agafat en pr\u00e9stec llibres per mirar a l\u2019escola.<\/span><\/p>\n<p><span style=\"font-weight: 400;\">Ara nom\u00e9s ens falta fer-nos el carnet per poder emportar-nos contes a casa per llegir!!!!<\/span><\/p>\n<p><a href=\"https:\/\/photos.app.goo.gl\/VdqhGbXSvxZq7fcQA\">Fotos<\/a><\/p>\n","protected":false},"excerpt":{"rendered":"<p>Els i les alumnes de la classe dels linxs (1r A) i els coales (1r B) hem visitat la Biblioteca de Can Pedrals, tot i que alguns ja la coneix\u00edem.<br \/>\nLa Pilar, la bibliotec\u00e0ria, ens ha explicat el que ens podem emportar a casa en pr\u00e9stec&hellip;  <a href=\"https:\/\/agora.xtec.cat\/ceipgranullarius\/general\/1r-visitem-la-biblioteca-de-can-pedrals\/\" title=\"Read 1r &#8211; Visitem la biblioteca de Can Pedrals!\">Llegeix m\u00e9s\u00bb<\/a><\/p>\n","protected":false},"author":1,"featured_media":0,"comment_status":"open","ping_status":"closed","sticky":false,"template":"","format":"standard","meta":{"_bbp_topic_count":0,"_bbp_reply_count":0,"_bbp_total_topic_count":0,"_bbp_total_reply_count":0,"_bbp_voice_count":0,"_bbp_anonymous_reply_count":0,"_bbp_topic_count_hidden":0,"_bbp_reply_count_hidden":0,"_bbp_forum_subforum_count":0,"footnotes":""},"categories":[10,62,63,51,1,4],"tags":[],"class_list":["post-4056","post","type-post","status-publish","format-standard","hentry","category-1r","category-cicle-inicial","category-educacio-primaria","category-escola","category-general","category-portada"],"post_mailing_queue_ids":[],"_links":{"self":[{"href":"https:\/\/agora.xtec.cat\/ceipgranullarius\/wp-json\/wp\/v2\/posts\/4056","targetHints":{"allow":["GET"]}}],"collection":[{"href":"https:\/\/agora.xtec.cat\/ceipgranullarius\/wp-json\/wp\/v2\/posts"}],"about":[{"href":"https:\/\/agora.xtec.cat\/ceipgranullarius\/wp-json\/wp\/v2\/types\/post"}],"author":[{"embeddable":true,"href":"https:\/\/agora.xtec.cat\/ceipgranullarius\/wp-json\/wp\/v2\/users\/1"}],"replies":[{"embeddable":true,"href":"https:\/\/agora.xtec.cat\/ceipgranullarius\/wp-json\/wp\/v2\/comments?post=4056"}],"version-history":[{"count":1,"href":"https:\/\/agora.xtec.cat\/ceipgranullarius\/wp-json\/wp\/v2\/posts\/4056\/revisions"}],"predecessor-version":[{"id":4058,"href":"https:\/\/agora.xtec.cat\/ceipgranullarius\/wp-json\/wp\/v2\/posts\/4056\/revisions\/4058"}],"wp:attachment":[{"href":"https:\/\/agora.xtec.cat\/ceipgranullarius\/wp-json\/wp\/v2\/media?parent=4056"}],"wp:term":[{"taxonomy":"category","embeddable":true,"href":"https:\/\/agora.xtec.cat\/ceipgranullarius\/wp-json\/wp\/v2\/categories?post=4056"},{"taxonomy":"post_tag","embeddable":true,"href":"https:\/\/agora.xtec.cat\/ceipgranullarius\/wp-json\/wp\/v2\/tags?post=4056"}],"curies":[{"name":"wp","href":"https:\/\/api.w.org\/{rel}","templated":true}]}}