{"id":3973,"date":"2023-11-27T13:25:54","date_gmt":"2023-11-27T12:25:54","guid":{"rendered":"https:\/\/agora.xtec.cat\/ceipgranullarius\/?p=3973"},"modified":"2023-11-30T11:58:22","modified_gmt":"2023-11-30T10:58:22","slug":"1r-taller-el-cami-dels-residus","status":"publish","type":"post","link":"https:\/\/agora.xtec.cat\/ceipgranullarius\/general\/1r-taller-el-cami-dels-residus\/","title":{"rendered":"1r- Taller &#8220;El cam\u00ed dels residus&#8221;"},"content":{"rendered":"<p><img loading=\"lazy\" decoding=\"async\" class=\"aligncenter size-full wp-image-3974\" src=\"https:\/\/agora.xtec.cat\/ceipgranullarius\/wp-content\/uploads\/usu769\/2023\/11\/0.-Portada.jpg\" alt=\"\" width=\"400\" height=\"300\" srcset=\"https:\/\/agora.xtec.cat\/ceipgranullarius\/wp-content\/uploads\/usu769\/2023\/11\/0.-Portada.jpg 400w, https:\/\/agora.xtec.cat\/ceipgranullarius\/wp-content\/uploads\/usu769\/2023\/11\/0.-Portada-300x225.jpg 300w, https:\/\/agora.xtec.cat\/ceipgranullarius\/wp-content\/uploads\/usu769\/2023\/11\/0.-Portada-200x150.jpg 200w\" sizes=\"auto, (max-width: 400px) 100vw, 400px\" \/><\/p>\n<p><span style=\"font-weight: 400;\">Els i les alumnes de la classe dels linxs (1rA) i dels coales (1rB) vam fer un taller sobre reciclatge per descobrir qu\u00e8 es fa amb els residus que generem. Primer vam classificar diferents deixalles en els seus contenidors i despr\u00e9s, vam fer el cam\u00ed que recorren pel seu reciclatge amb un cami\u00f3 de joguina.<\/span><\/p>\n<p><span style=\"font-weight: 400;\">Recordeu sempre tenir en compte les 3 R: <\/span><b>Reduir, Reciclar i Reutilitzar<\/b><span style=\"font-weight: 400;\">!<\/span><\/p>\n<p><a href=\"https:\/\/photos.app.goo.gl\/wDTia1SPrXBxRRQX6\">Fotos<\/a><\/p>\n","protected":false},"excerpt":{"rendered":"<p>Els i les alumnes de la classe dels linxs (1rA) i dels coales (1rB) vam fer un taller sobre reciclatge per descobrir qu\u00e8 es fa amb els residus que generem. Primer vam classificar diferents deixalles en els seus contenidors i despr\u00e9s, vam fer el cam\u00ed&hellip;  <a href=\"https:\/\/agora.xtec.cat\/ceipgranullarius\/general\/1r-taller-el-cami-dels-residus\/\" title=\"Read 1r- Taller &#8220;El cam\u00ed dels residus&#8221;\">Llegeix m\u00e9s\u00bb<\/a><\/p>\n","protected":false},"author":1,"featured_media":0,"comment_status":"open","ping_status":"closed","sticky":false,"template":"","format":"standard","meta":{"_bbp_topic_count":0,"_bbp_reply_count":0,"_bbp_total_topic_count":0,"_bbp_total_reply_count":0,"_bbp_voice_count":0,"_bbp_anonymous_reply_count":0,"_bbp_topic_count_hidden":0,"_bbp_reply_count_hidden":0,"_bbp_forum_subforum_count":0,"footnotes":""},"categories":[10,62,63,51,1,4],"tags":[],"class_list":["post-3973","post","type-post","status-publish","format-standard","hentry","category-1r","category-cicle-inicial","category-educacio-primaria","category-escola","category-general","category-portada"],"post_mailing_queue_ids":[],"_links":{"self":[{"href":"https:\/\/agora.xtec.cat\/ceipgranullarius\/wp-json\/wp\/v2\/posts\/3973","targetHints":{"allow":["GET"]}}],"collection":[{"href":"https:\/\/agora.xtec.cat\/ceipgranullarius\/wp-json\/wp\/v2\/posts"}],"about":[{"href":"https:\/\/agora.xtec.cat\/ceipgranullarius\/wp-json\/wp\/v2\/types\/post"}],"author":[{"embeddable":true,"href":"https:\/\/agora.xtec.cat\/ceipgranullarius\/wp-json\/wp\/v2\/users\/1"}],"replies":[{"embeddable":true,"href":"https:\/\/agora.xtec.cat\/ceipgranullarius\/wp-json\/wp\/v2\/comments?post=3973"}],"version-history":[{"count":1,"href":"https:\/\/agora.xtec.cat\/ceipgranullarius\/wp-json\/wp\/v2\/posts\/3973\/revisions"}],"predecessor-version":[{"id":3975,"href":"https:\/\/agora.xtec.cat\/ceipgranullarius\/wp-json\/wp\/v2\/posts\/3973\/revisions\/3975"}],"wp:attachment":[{"href":"https:\/\/agora.xtec.cat\/ceipgranullarius\/wp-json\/wp\/v2\/media?parent=3973"}],"wp:term":[{"taxonomy":"category","embeddable":true,"href":"https:\/\/agora.xtec.cat\/ceipgranullarius\/wp-json\/wp\/v2\/categories?post=3973"},{"taxonomy":"post_tag","embeddable":true,"href":"https:\/\/agora.xtec.cat\/ceipgranullarius\/wp-json\/wp\/v2\/tags?post=3973"}],"curies":[{"name":"wp","href":"https:\/\/api.w.org\/{rel}","templated":true}]}}