{"id":3960,"date":"2023-11-21T15:42:08","date_gmt":"2023-11-21T14:42:08","guid":{"rendered":"https:\/\/agora.xtec.cat\/ceipgranullarius\/?p=3960"},"modified":"2023-11-21T15:42:08","modified_gmt":"2023-11-21T14:42:08","slug":"i3-els-primers-dies-a-lescola-han-estat-molt-divertits","status":"publish","type":"post","link":"https:\/\/agora.xtec.cat\/ceipgranullarius\/general\/i3-els-primers-dies-a-lescola-han-estat-molt-divertits\/","title":{"rendered":"I3 &#8211; ELS PRIMERS DIES A L\u2019ESCOLA HAN ESTAT MOLT DIVERTITS!"},"content":{"rendered":"<p><img loading=\"lazy\" decoding=\"async\" class=\"aligncenter size-large wp-image-3961\" src=\"https:\/\/agora.xtec.cat\/ceipgranullarius\/wp-content\/uploads\/usu769\/2023\/11\/foto-portada-2-1024x575.jpg\" alt=\"\" width=\"1024\" height=\"575\" srcset=\"https:\/\/agora.xtec.cat\/ceipgranullarius\/wp-content\/uploads\/usu769\/2023\/11\/foto-portada-2-1024x575.jpg 1024w, https:\/\/agora.xtec.cat\/ceipgranullarius\/wp-content\/uploads\/usu769\/2023\/11\/foto-portada-2-300x169.jpg 300w, https:\/\/agora.xtec.cat\/ceipgranullarius\/wp-content\/uploads\/usu769\/2023\/11\/foto-portada-2-768x432.jpg 768w, https:\/\/agora.xtec.cat\/ceipgranullarius\/wp-content\/uploads\/usu769\/2023\/11\/foto-portada-2-1536x863.jpg 1536w, https:\/\/agora.xtec.cat\/ceipgranullarius\/wp-content\/uploads\/usu769\/2023\/11\/foto-portada-2-2048x1151.jpg 2048w\" sizes=\"auto, (max-width: 1024px) 100vw, 1024px\" \/><\/p>\n<p>Fam\u00edlies les classes dels ESQUIROLS i la dels \u00d3SSOS I \u00d3SSES PANDA, ens fa molta il\u00b7lusi\u00f3 que pugueu veure una petita mostra fotogr\u00e0fica del que hem anat fent aquests primers dies a l\u2019escola. Desitgem que us agradi i en gaudiu mentre les mireu amb els vostres fills i filles.<\/p>\n<p>Les Mestres d&#8217;I3.<\/p>\n<p><a href=\"https:\/\/photos.app.goo.gl\/h7SnhPfCv5BG83dP6\">M\u00e9s fotos!<\/a><\/p>\n","protected":false},"excerpt":{"rendered":"<p>Fam\u00edlies les classes dels ESQUIROLS i la dels \u00d3SSOS I \u00d3SSES PANDA, ens fa molta il\u00b7lusi\u00f3 que pugueu veure una petita mostra fotogr\u00e0fica del que hem anat fent aquests primers dies a l\u2019escola. Desitgem que us agradi i en gaudiu mentre les mireu amb els&hellip;  <a href=\"https:\/\/agora.xtec.cat\/ceipgranullarius\/general\/i3-els-primers-dies-a-lescola-han-estat-molt-divertits\/\" title=\"Read I3 &#8211; ELS PRIMERS DIES A L\u2019ESCOLA HAN ESTAT MOLT DIVERTITS!\">Llegeix m\u00e9s\u00bb<\/a><\/p>\n","protected":false},"author":1,"featured_media":0,"comment_status":"open","ping_status":"closed","sticky":false,"template":"","format":"standard","meta":{"_bbp_topic_count":0,"_bbp_reply_count":0,"_bbp_total_topic_count":0,"_bbp_total_reply_count":0,"_bbp_voice_count":0,"_bbp_anonymous_reply_count":0,"_bbp_topic_count_hidden":0,"_bbp_reply_count_hidden":0,"_bbp_forum_subforum_count":0,"footnotes":""},"categories":[2,51,1,3,4],"tags":[],"class_list":["post-3960","post","type-post","status-publish","format-standard","hentry","category-educacio-infantil","category-escola","category-general","category-i3","category-portada"],"post_mailing_queue_ids":[],"_links":{"self":[{"href":"https:\/\/agora.xtec.cat\/ceipgranullarius\/wp-json\/wp\/v2\/posts\/3960","targetHints":{"allow":["GET"]}}],"collection":[{"href":"https:\/\/agora.xtec.cat\/ceipgranullarius\/wp-json\/wp\/v2\/posts"}],"about":[{"href":"https:\/\/agora.xtec.cat\/ceipgranullarius\/wp-json\/wp\/v2\/types\/post"}],"author":[{"embeddable":true,"href":"https:\/\/agora.xtec.cat\/ceipgranullarius\/wp-json\/wp\/v2\/users\/1"}],"replies":[{"embeddable":true,"href":"https:\/\/agora.xtec.cat\/ceipgranullarius\/wp-json\/wp\/v2\/comments?post=3960"}],"version-history":[{"count":1,"href":"https:\/\/agora.xtec.cat\/ceipgranullarius\/wp-json\/wp\/v2\/posts\/3960\/revisions"}],"predecessor-version":[{"id":3962,"href":"https:\/\/agora.xtec.cat\/ceipgranullarius\/wp-json\/wp\/v2\/posts\/3960\/revisions\/3962"}],"wp:attachment":[{"href":"https:\/\/agora.xtec.cat\/ceipgranullarius\/wp-json\/wp\/v2\/media?parent=3960"}],"wp:term":[{"taxonomy":"category","embeddable":true,"href":"https:\/\/agora.xtec.cat\/ceipgranullarius\/wp-json\/wp\/v2\/categories?post=3960"},{"taxonomy":"post_tag","embeddable":true,"href":"https:\/\/agora.xtec.cat\/ceipgranullarius\/wp-json\/wp\/v2\/tags?post=3960"}],"curies":[{"name":"wp","href":"https:\/\/api.w.org\/{rel}","templated":true}]}}