{"id":3787,"date":"2023-06-06T11:52:54","date_gmt":"2023-06-06T09:52:54","guid":{"rendered":"https:\/\/agora.xtec.cat\/ceipgranullarius\/?p=3787"},"modified":"2023-06-06T11:52:54","modified_gmt":"2023-06-06T09:52:54","slug":"i4-fundacio-tapies","status":"publish","type":"post","link":"https:\/\/agora.xtec.cat\/ceipgranullarius\/general\/i4-fundacio-tapies\/","title":{"rendered":"I4 &#8211; Fundaci\u00f3 T\u00e0pies"},"content":{"rendered":"<p><img loading=\"lazy\" decoding=\"async\" class=\"aligncenter size-large wp-image-3788\" src=\"https:\/\/agora.xtec.cat\/ceipgranullarius\/wp-content\/uploads\/usu769\/2023\/06\/IMG20230517122838-1024x768.jpg\" alt=\"\" width=\"1024\" height=\"768\" srcset=\"https:\/\/agora.xtec.cat\/ceipgranullarius\/wp-content\/uploads\/usu769\/2023\/06\/IMG20230517122838-1024x768.jpg 1024w, https:\/\/agora.xtec.cat\/ceipgranullarius\/wp-content\/uploads\/usu769\/2023\/06\/IMG20230517122838-300x225.jpg 300w, https:\/\/agora.xtec.cat\/ceipgranullarius\/wp-content\/uploads\/usu769\/2023\/06\/IMG20230517122838-768x576.jpg 768w, https:\/\/agora.xtec.cat\/ceipgranullarius\/wp-content\/uploads\/usu769\/2023\/06\/IMG20230517122838-1536x1152.jpg 1536w, https:\/\/agora.xtec.cat\/ceipgranullarius\/wp-content\/uploads\/usu769\/2023\/06\/IMG20230517122838-2048x1536.jpg 2048w, https:\/\/agora.xtec.cat\/ceipgranullarius\/wp-content\/uploads\/usu769\/2023\/06\/IMG20230517122838-200x150.jpg 200w\" sizes=\"auto, (max-width: 1024px) 100vw, 1024px\" \/><\/p>\n<p><span style=\"font-weight: 400;\">Al tercer trimestre, els nens i nenes d\u2019I4 hem fet el Projecte de l\u2019artista Antoni T\u00e0pies. Hem conegut la seva vida i hem observat i analitzat algunes de les seves obres. Tamb\u00e9 ens hem convertit en artistes i hem intentat fer obres d\u2019art com ell. Ens han quedat xul\u00edssimes!<\/span><\/p>\n<p><span style=\"font-weight: 400;\">Com a cloenda del projecte\u00a0 hem anat d\u2019excursi\u00f3 a la Fundaci\u00f3 T\u00e0pies de Barcelona. Ens ha agradat molt veure les seves obres , sobretot el mitj\u00f3 gegant amb qu\u00e8\u00a0 hem pogut fer un joc molt divertit!<\/span><\/p>\n<p><a href=\"https:\/\/photos.app.goo.gl\/jauZfkXThpvMEr2eA\">\u00c0lbum de fotos<\/a><\/p>\n","protected":false},"excerpt":{"rendered":"<p>Al tercer trimestre, els nens i nenes d\u2019I4 hem fet el Projecte de l\u2019artista Antoni T\u00e0pies. Hem conegut la seva vida i hem observat i analitzat algunes de les seves obres. Tamb\u00e9 ens hem convertit en artistes i hem intentat fer obres d\u2019art com ell.&hellip;  <a href=\"https:\/\/agora.xtec.cat\/ceipgranullarius\/general\/i4-fundacio-tapies\/\" title=\"Read I4 &#8211; Fundaci\u00f3 T\u00e0pies\">Llegeix m\u00e9s\u00bb<\/a><\/p>\n","protected":false},"author":1,"featured_media":0,"comment_status":"open","ping_status":"closed","sticky":false,"template":"","format":"standard","meta":{"_bbp_topic_count":0,"_bbp_reply_count":0,"_bbp_total_topic_count":0,"_bbp_total_reply_count":0,"_bbp_voice_count":0,"_bbp_anonymous_reply_count":0,"_bbp_topic_count_hidden":0,"_bbp_reply_count_hidden":0,"_bbp_forum_subforum_count":0,"footnotes":""},"categories":[2,51,1,8,4],"tags":[],"class_list":["post-3787","post","type-post","status-publish","format-standard","hentry","category-educacio-infantil","category-escola","category-general","category-i4","category-portada"],"post_mailing_queue_ids":[],"_links":{"self":[{"href":"https:\/\/agora.xtec.cat\/ceipgranullarius\/wp-json\/wp\/v2\/posts\/3787","targetHints":{"allow":["GET"]}}],"collection":[{"href":"https:\/\/agora.xtec.cat\/ceipgranullarius\/wp-json\/wp\/v2\/posts"}],"about":[{"href":"https:\/\/agora.xtec.cat\/ceipgranullarius\/wp-json\/wp\/v2\/types\/post"}],"author":[{"embeddable":true,"href":"https:\/\/agora.xtec.cat\/ceipgranullarius\/wp-json\/wp\/v2\/users\/1"}],"replies":[{"embeddable":true,"href":"https:\/\/agora.xtec.cat\/ceipgranullarius\/wp-json\/wp\/v2\/comments?post=3787"}],"version-history":[{"count":1,"href":"https:\/\/agora.xtec.cat\/ceipgranullarius\/wp-json\/wp\/v2\/posts\/3787\/revisions"}],"predecessor-version":[{"id":3789,"href":"https:\/\/agora.xtec.cat\/ceipgranullarius\/wp-json\/wp\/v2\/posts\/3787\/revisions\/3789"}],"wp:attachment":[{"href":"https:\/\/agora.xtec.cat\/ceipgranullarius\/wp-json\/wp\/v2\/media?parent=3787"}],"wp:term":[{"taxonomy":"category","embeddable":true,"href":"https:\/\/agora.xtec.cat\/ceipgranullarius\/wp-json\/wp\/v2\/categories?post=3787"},{"taxonomy":"post_tag","embeddable":true,"href":"https:\/\/agora.xtec.cat\/ceipgranullarius\/wp-json\/wp\/v2\/tags?post=3787"}],"curies":[{"name":"wp","href":"https:\/\/api.w.org\/{rel}","templated":true}]}}