{"id":3778,"date":"2023-06-06T11:38:15","date_gmt":"2023-06-06T09:38:15","guid":{"rendered":"https:\/\/agora.xtec.cat\/ceipgranullarius\/?p=3778"},"modified":"2023-06-06T11:38:15","modified_gmt":"2023-06-06T09:38:15","slug":"i3-fundacio-tapies","status":"publish","type":"post","link":"https:\/\/agora.xtec.cat\/ceipgranullarius\/educacio-infantil\/i3-fundacio-tapies\/","title":{"rendered":"I3 &#8211; Fundaci\u00f3 T\u00e0pies"},"content":{"rendered":"<p><img loading=\"lazy\" decoding=\"async\" class=\"aligncenter size-large wp-image-3779\" src=\"https:\/\/agora.xtec.cat\/ceipgranullarius\/wp-content\/uploads\/usu769\/2023\/06\/PORTADA-1024x860.jpg\" alt=\"\" width=\"1024\" height=\"860\" srcset=\"https:\/\/agora.xtec.cat\/ceipgranullarius\/wp-content\/uploads\/usu769\/2023\/06\/PORTADA-1024x860.jpg 1024w, https:\/\/agora.xtec.cat\/ceipgranullarius\/wp-content\/uploads\/usu769\/2023\/06\/PORTADA-300x252.jpg 300w, https:\/\/agora.xtec.cat\/ceipgranullarius\/wp-content\/uploads\/usu769\/2023\/06\/PORTADA-768x645.jpg 768w, https:\/\/agora.xtec.cat\/ceipgranullarius\/wp-content\/uploads\/usu769\/2023\/06\/PORTADA-1536x1291.jpg 1536w, https:\/\/agora.xtec.cat\/ceipgranullarius\/wp-content\/uploads\/usu769\/2023\/06\/PORTADA-2048x1721.jpg 2048w\" sizes=\"auto, (max-width: 1024px) 100vw, 1024px\" \/><\/p>\n<p><span style=\"font-weight: 400;\">Les nenes i els nens d\u2019Infantil, aquest tercer trimestre, hem estat fent el Projecte de l\u2019artista Antoni T\u00e0pies. Hem conegut la seva vida i hem observat i analitzat algunes de les seves obres. Tamb\u00e9 hem intentat fer obres d\u2019art com ell.<\/span><\/p>\n<p><span style=\"font-weight: 400;\">Com a cloenda al projecte, els infants d\u2019I3 hem anat d\u2019excursi\u00f3 a visitar la Fundaci\u00f3 T\u00e0pies de Barcelona.<\/span><\/p>\n<p><span style=\"font-weight: 400;\">Ens ha agradat molt veure les seves obres reals, sobretot el mitj\u00f3 gegant i el n\u00favol i la cadira de la teulada.<\/span><\/p>\n<p><a href=\"https:\/\/photos.app.goo.gl\/2C3EAAP1SMvLf64a9\">\u00c0lbum de fotos<\/a><\/p>\n","protected":false},"excerpt":{"rendered":"<p>Les nenes i els nens d\u2019Infantil, aquest tercer trimestre, hem estat fent el Projecte de l\u2019artista Antoni T\u00e0pies. Hem conegut la seva vida i hem observat i analitzat algunes de les seves obres. Tamb\u00e9 hem intentat fer obres d\u2019art com ell.<br \/>\nCom a cloenda al projecte,&hellip;  <a href=\"https:\/\/agora.xtec.cat\/ceipgranullarius\/educacio-infantil\/i3-fundacio-tapies\/\" title=\"Read I3 &#8211; Fundaci\u00f3 T\u00e0pies\">Llegeix m\u00e9s\u00bb<\/a><\/p>\n","protected":false},"author":1,"featured_media":0,"comment_status":"open","ping_status":"closed","sticky":false,"template":"","format":"standard","meta":{"_bbp_topic_count":0,"_bbp_reply_count":0,"_bbp_total_topic_count":0,"_bbp_total_reply_count":0,"_bbp_voice_count":0,"_bbp_anonymous_reply_count":0,"_bbp_topic_count_hidden":0,"_bbp_reply_count_hidden":0,"_bbp_forum_subforum_count":0,"footnotes":""},"categories":[2,51,3,4],"tags":[],"class_list":["post-3778","post","type-post","status-publish","format-standard","hentry","category-educacio-infantil","category-escola","category-i3","category-portada"],"post_mailing_queue_ids":[],"_links":{"self":[{"href":"https:\/\/agora.xtec.cat\/ceipgranullarius\/wp-json\/wp\/v2\/posts\/3778","targetHints":{"allow":["GET"]}}],"collection":[{"href":"https:\/\/agora.xtec.cat\/ceipgranullarius\/wp-json\/wp\/v2\/posts"}],"about":[{"href":"https:\/\/agora.xtec.cat\/ceipgranullarius\/wp-json\/wp\/v2\/types\/post"}],"author":[{"embeddable":true,"href":"https:\/\/agora.xtec.cat\/ceipgranullarius\/wp-json\/wp\/v2\/users\/1"}],"replies":[{"embeddable":true,"href":"https:\/\/agora.xtec.cat\/ceipgranullarius\/wp-json\/wp\/v2\/comments?post=3778"}],"version-history":[{"count":1,"href":"https:\/\/agora.xtec.cat\/ceipgranullarius\/wp-json\/wp\/v2\/posts\/3778\/revisions"}],"predecessor-version":[{"id":3780,"href":"https:\/\/agora.xtec.cat\/ceipgranullarius\/wp-json\/wp\/v2\/posts\/3778\/revisions\/3780"}],"wp:attachment":[{"href":"https:\/\/agora.xtec.cat\/ceipgranullarius\/wp-json\/wp\/v2\/media?parent=3778"}],"wp:term":[{"taxonomy":"category","embeddable":true,"href":"https:\/\/agora.xtec.cat\/ceipgranullarius\/wp-json\/wp\/v2\/categories?post=3778"},{"taxonomy":"post_tag","embeddable":true,"href":"https:\/\/agora.xtec.cat\/ceipgranullarius\/wp-json\/wp\/v2\/tags?post=3778"}],"curies":[{"name":"wp","href":"https:\/\/api.w.org\/{rel}","templated":true}]}}