{"id":3716,"date":"2023-05-09T12:53:20","date_gmt":"2023-05-09T10:53:20","guid":{"rendered":"https:\/\/agora.xtec.cat\/ceipgranullarius\/?p=3716"},"modified":"2023-05-09T12:53:20","modified_gmt":"2023-05-09T10:53:20","slug":"visita-de-lautor-oscar-sarda-a-4t","status":"publish","type":"post","link":"https:\/\/agora.xtec.cat\/ceipgranullarius\/general\/visita-de-lautor-oscar-sarda-a-4t\/","title":{"rendered":"Visita de l&#8217;autor \u00d2scar Sard\u00e0 a 4t"},"content":{"rendered":"<p><img loading=\"lazy\" decoding=\"async\" class=\"aligncenter size-large wp-image-3717\" src=\"https:\/\/agora.xtec.cat\/ceipgranullarius\/wp-content\/uploads\/usu769\/2023\/05\/Foto-Portada-1024x768.jpg\" alt=\"\" width=\"1024\" height=\"768\" srcset=\"https:\/\/agora.xtec.cat\/ceipgranullarius\/wp-content\/uploads\/usu769\/2023\/05\/Foto-Portada-1024x768.jpg 1024w, https:\/\/agora.xtec.cat\/ceipgranullarius\/wp-content\/uploads\/usu769\/2023\/05\/Foto-Portada-300x225.jpg 300w, https:\/\/agora.xtec.cat\/ceipgranullarius\/wp-content\/uploads\/usu769\/2023\/05\/Foto-Portada-768x576.jpg 768w, https:\/\/agora.xtec.cat\/ceipgranullarius\/wp-content\/uploads\/usu769\/2023\/05\/Foto-Portada-1536x1152.jpg 1536w, https:\/\/agora.xtec.cat\/ceipgranullarius\/wp-content\/uploads\/usu769\/2023\/05\/Foto-Portada-2048x1536.jpg 2048w, https:\/\/agora.xtec.cat\/ceipgranullarius\/wp-content\/uploads\/usu769\/2023\/05\/Foto-Portada-200x150.jpg 200w\" sizes=\"auto, (max-width: 1024px) 100vw, 1024px\" \/><\/p>\n<p><span style=\"font-weight: 400;\">El dimecres 26 d\u2019abril vam rebre la visita de l\u2019\u00d2scar Sard\u00e0 que \u00e9s il\u00b7lustrador, escriptor, dibuixant de c\u00f2mic i publicitari. Els nostres alumnes el coneixen per les aventures del follet Oriol i en Roc tempesta.<\/span><\/p>\n<p><span style=\"font-weight: 400;\">Ens ha explicat algunes coses de la seva traject\u00f2ria laboral i ens ha fet en directe uns dibuixos molt xulos.\u00a0<\/span><span style=\"font-weight: 400;\">Gr\u00e0cies \u00d3scar!<\/span><\/p>\n<p><a href=\"https:\/\/photos.app.goo.gl\/7okxzdKrZYX3k7E6A\">Fotos<\/a><\/p>\n","protected":false},"excerpt":{"rendered":"<p>El dimecres 26 d\u2019abril vam rebre la visita de l\u2019\u00d2scar Sard\u00e0 que \u00e9s il\u00b7lustrador, escriptor, dibuixant de c\u00f2mic i publicitari. Els nostres alumnes el coneixen per les aventures del follet Oriol i en Roc tempesta.<br \/>\nEns ha explicat algunes coses de la seva traject\u00f2ria laboral i&hellip;  <a href=\"https:\/\/agora.xtec.cat\/ceipgranullarius\/general\/visita-de-lautor-oscar-sarda-a-4t\/\" title=\"Read Visita de l&#8217;autor \u00d2scar Sard\u00e0 a 4t\">Llegeix m\u00e9s\u00bb<\/a><\/p>\n","protected":false},"author":1,"featured_media":0,"comment_status":"open","ping_status":"closed","sticky":false,"template":"","format":"standard","meta":{"_bbp_topic_count":0,"_bbp_reply_count":0,"_bbp_total_topic_count":0,"_bbp_total_reply_count":0,"_bbp_voice_count":0,"_bbp_anonymous_reply_count":0,"_bbp_topic_count_hidden":0,"_bbp_reply_count_hidden":0,"_bbp_forum_subforum_count":0,"footnotes":""},"categories":[13,1,4],"tags":[],"class_list":["post-3716","post","type-post","status-publish","format-standard","hentry","category-4t","category-general","category-portada"],"post_mailing_queue_ids":[],"_links":{"self":[{"href":"https:\/\/agora.xtec.cat\/ceipgranullarius\/wp-json\/wp\/v2\/posts\/3716","targetHints":{"allow":["GET"]}}],"collection":[{"href":"https:\/\/agora.xtec.cat\/ceipgranullarius\/wp-json\/wp\/v2\/posts"}],"about":[{"href":"https:\/\/agora.xtec.cat\/ceipgranullarius\/wp-json\/wp\/v2\/types\/post"}],"author":[{"embeddable":true,"href":"https:\/\/agora.xtec.cat\/ceipgranullarius\/wp-json\/wp\/v2\/users\/1"}],"replies":[{"embeddable":true,"href":"https:\/\/agora.xtec.cat\/ceipgranullarius\/wp-json\/wp\/v2\/comments?post=3716"}],"version-history":[{"count":1,"href":"https:\/\/agora.xtec.cat\/ceipgranullarius\/wp-json\/wp\/v2\/posts\/3716\/revisions"}],"predecessor-version":[{"id":3718,"href":"https:\/\/agora.xtec.cat\/ceipgranullarius\/wp-json\/wp\/v2\/posts\/3716\/revisions\/3718"}],"wp:attachment":[{"href":"https:\/\/agora.xtec.cat\/ceipgranullarius\/wp-json\/wp\/v2\/media?parent=3716"}],"wp:term":[{"taxonomy":"category","embeddable":true,"href":"https:\/\/agora.xtec.cat\/ceipgranullarius\/wp-json\/wp\/v2\/categories?post=3716"},{"taxonomy":"post_tag","embeddable":true,"href":"https:\/\/agora.xtec.cat\/ceipgranullarius\/wp-json\/wp\/v2\/tags?post=3716"}],"curies":[{"name":"wp","href":"https:\/\/api.w.org\/{rel}","templated":true}]}}