{"id":3709,"date":"2023-05-09T12:29:34","date_gmt":"2023-05-09T10:29:34","guid":{"rendered":"https:\/\/agora.xtec.cat\/ceipgranullarius\/?p=3709"},"modified":"2023-05-09T12:29:34","modified_gmt":"2023-05-09T10:29:34","slug":"a-4t-fem-un-taller-per-la-commemoracio-del-bombardeig","status":"publish","type":"post","link":"https:\/\/agora.xtec.cat\/ceipgranullarius\/general\/a-4t-fem-un-taller-per-la-commemoracio-del-bombardeig\/","title":{"rendered":"A 4t fem un taller per la commemoraci\u00f3 del bombardeig!"},"content":{"rendered":"<p><img loading=\"lazy\" decoding=\"async\" class=\"aligncenter size-large wp-image-3711\" src=\"https:\/\/agora.xtec.cat\/ceipgranullarius\/wp-content\/uploads\/usu769\/2023\/05\/0.-Portada-1-768x1024.jpg\" alt=\"\" width=\"768\" height=\"1024\" srcset=\"https:\/\/agora.xtec.cat\/ceipgranullarius\/wp-content\/uploads\/usu769\/2023\/05\/0.-Portada-1-768x1024.jpg 768w, https:\/\/agora.xtec.cat\/ceipgranullarius\/wp-content\/uploads\/usu769\/2023\/05\/0.-Portada-1-225x300.jpg 225w, https:\/\/agora.xtec.cat\/ceipgranullarius\/wp-content\/uploads\/usu769\/2023\/05\/0.-Portada-1-1152x1536.jpg 1152w, https:\/\/agora.xtec.cat\/ceipgranullarius\/wp-content\/uploads\/usu769\/2023\/05\/0.-Portada-1-1536x2048.jpg 1536w, https:\/\/agora.xtec.cat\/ceipgranullarius\/wp-content\/uploads\/usu769\/2023\/05\/0.-Portada-1-scaled.jpg 1920w\" sizes=\"auto, (max-width: 768px) 100vw, 768px\" \/><\/p>\n<p><span style=\"font-weight: 400;\">El passat dijous dia 4 van venir a fer-nos un taller des de l&#8217;Ajuntament per la commemoraci\u00f3 del bombardeig de Granollers. Concretament, aquest any l&#8217;activitat s&#8217;ha anomenat &#8220;Despla\u00e7ats clim\u00e0tics, una lluita global&#8221;. Vam veure uns v\u00eddeos, vam fer un debat per reflexionar i finalment per equips vam fer una maleta que simbolitza la nostra petjada ecol\u00f2gica. Qu\u00e8 interessant va ser! Ara quedar\u00e0 pendent portar les maletes a la porxada el dia 30, juntament amb la resta d&#8217;escoles de la ciutat.<\/span><\/p>\n<p><a href=\"https:\/\/photos.app.goo.gl\/NjZUrjvBpuAYyLwa9\">\u00c0lbum de fotos<\/a><\/p>\n","protected":false},"excerpt":{"rendered":"<p>El passat dijous dia 4 van venir a fer-nos un taller des de l&#8217;Ajuntament per la commemoraci\u00f3 del bombardeig de Granollers. Concretament, aquest any l&#8217;activitat s&#8217;ha anomenat &#8220;Despla\u00e7ats clim\u00e0tics, una lluita global&#8221;. Vam veure uns v\u00eddeos, vam fer un debat per reflexionar i finalment per&hellip;  <a href=\"https:\/\/agora.xtec.cat\/ceipgranullarius\/general\/a-4t-fem-un-taller-per-la-commemoracio-del-bombardeig\/\" title=\"Read A 4t fem un taller per la commemoraci\u00f3 del bombardeig!\">Llegeix m\u00e9s\u00bb<\/a><\/p>\n","protected":false},"author":1,"featured_media":0,"comment_status":"open","ping_status":"closed","sticky":false,"template":"","format":"standard","meta":{"_bbp_topic_count":0,"_bbp_reply_count":0,"_bbp_total_topic_count":0,"_bbp_total_reply_count":0,"_bbp_voice_count":0,"_bbp_anonymous_reply_count":0,"_bbp_topic_count_hidden":0,"_bbp_reply_count_hidden":0,"_bbp_forum_subforum_count":0,"footnotes":""},"categories":[13,1,4],"tags":[],"class_list":["post-3709","post","type-post","status-publish","format-standard","hentry","category-4t","category-general","category-portada"],"post_mailing_queue_ids":[],"_links":{"self":[{"href":"https:\/\/agora.xtec.cat\/ceipgranullarius\/wp-json\/wp\/v2\/posts\/3709","targetHints":{"allow":["GET"]}}],"collection":[{"href":"https:\/\/agora.xtec.cat\/ceipgranullarius\/wp-json\/wp\/v2\/posts"}],"about":[{"href":"https:\/\/agora.xtec.cat\/ceipgranullarius\/wp-json\/wp\/v2\/types\/post"}],"author":[{"embeddable":true,"href":"https:\/\/agora.xtec.cat\/ceipgranullarius\/wp-json\/wp\/v2\/users\/1"}],"replies":[{"embeddable":true,"href":"https:\/\/agora.xtec.cat\/ceipgranullarius\/wp-json\/wp\/v2\/comments?post=3709"}],"version-history":[{"count":1,"href":"https:\/\/agora.xtec.cat\/ceipgranullarius\/wp-json\/wp\/v2\/posts\/3709\/revisions"}],"predecessor-version":[{"id":3712,"href":"https:\/\/agora.xtec.cat\/ceipgranullarius\/wp-json\/wp\/v2\/posts\/3709\/revisions\/3712"}],"wp:attachment":[{"href":"https:\/\/agora.xtec.cat\/ceipgranullarius\/wp-json\/wp\/v2\/media?parent=3709"}],"wp:term":[{"taxonomy":"category","embeddable":true,"href":"https:\/\/agora.xtec.cat\/ceipgranullarius\/wp-json\/wp\/v2\/categories?post=3709"},{"taxonomy":"post_tag","embeddable":true,"href":"https:\/\/agora.xtec.cat\/ceipgranullarius\/wp-json\/wp\/v2\/tags?post=3709"}],"curies":[{"name":"wp","href":"https:\/\/api.w.org\/{rel}","templated":true}]}}