{"id":3697,"date":"2023-05-05T16:10:43","date_gmt":"2023-05-05T14:10:43","guid":{"rendered":"https:\/\/agora.xtec.cat\/ceipgranullarius\/?p=3697"},"modified":"2023-05-05T16:22:21","modified_gmt":"2023-05-05T14:22:21","slug":"i4i5-laire-a-lambient-steam","status":"publish","type":"post","link":"https:\/\/agora.xtec.cat\/ceipgranullarius\/general\/i4i5-laire-a-lambient-steam\/","title":{"rendered":"I4+I5 l&#8217;aire a l&#8217;ambient STEAM"},"content":{"rendered":"<p><img loading=\"lazy\" decoding=\"async\" class=\"aligncenter wp-image-3698 size-large\" src=\"https:\/\/agora.xtec.cat\/ceipgranullarius\/wp-content\/uploads\/usu769\/2023\/05\/1681247376969-1-768x1024.jpg\" alt=\"\" width=\"768\" height=\"1024\" srcset=\"https:\/\/agora.xtec.cat\/ceipgranullarius\/wp-content\/uploads\/usu769\/2023\/05\/1681247376969-1-768x1024.jpg 768w, https:\/\/agora.xtec.cat\/ceipgranullarius\/wp-content\/uploads\/usu769\/2023\/05\/1681247376969-1-225x300.jpg 225w, https:\/\/agora.xtec.cat\/ceipgranullarius\/wp-content\/uploads\/usu769\/2023\/05\/1681247376969-1-1152x1536.jpg 1152w, https:\/\/agora.xtec.cat\/ceipgranullarius\/wp-content\/uploads\/usu769\/2023\/05\/1681247376969-1-1536x2048.jpg 1536w, https:\/\/agora.xtec.cat\/ceipgranullarius\/wp-content\/uploads\/usu769\/2023\/05\/1681247376969-1-scaled.jpg 1920w\" sizes=\"auto, (max-width: 768px) 100vw, 768px\" \/><\/p>\n<p><span style=\"font-weight: 400;\">Aquestes \u00faltimes setmanes hem experimentat i hem apr\u00e8s moltes coses de l\u2019<\/span><b>aire i el vent<\/b><span style=\"font-weight: 400;\">, gr\u00e0cies al material que ens han deixat en pr\u00e9stec des dels Serveis Educatius.<\/span><\/p>\n<p><span style=\"font-weight: 400;\">Primer de tot, vam fer <\/span><b>hip\u00f2tesis sobre l\u2019aire<\/b><span style=\"font-weight: 400;\">: l\u2019aire es veu? El podem agafar? El podem tocar? Ocupa espai? Aix\u00f2 vam descobrir-ho amb material tan senzill com una bossa, una ampolla i dues xeringues connectades entre elles amb un tub.\u00a0<\/span><\/p>\n<p><span style=\"font-weight: 400;\">Hem pogut gaudir de l\u2019<\/span><b>experimentaci\u00f3 amb un t\u00fanel del vent<\/b><span style=\"font-weight: 400;\">, fent prediccions sobre si el que posar\u00edem cauria, sortia volant o es mantindria enlairat. Hem fet servir pilotes, globus, embolcalls de magdalenes, fulles\u2026<\/span><\/p>\n<p><span style=\"font-weight: 400;\">Tamb\u00e9 hem pogut manipular diferents objectes i comprovar que no tot cau de la mateixa manera ni a la mateixa velocitat, per aix\u00f2 hem fet servir diferents paracaigudes i unes fulles molt especials, les fulles d\u2019aur\u00f3!\u00a0<\/span><\/p>\n<p><span style=\"font-weight: 400;\">Una altra proposta era fer <\/span><b>avions de paper<\/b><span style=\"font-weight: 400;\"> seguint les instruccions que ten\u00edem i els hem llan\u00e7at per veure quins volaven m\u00e9s alt, m\u00e9s r\u00e0pid, quins feien un despla\u00e7ament m\u00e9s llarg\u2026<\/span><\/p>\n<p><span style=\"font-weight: 400;\">Hem descobert la <\/span><b>resist\u00e8ncia de l\u2019aire.<\/b><\/p>\n<p><span style=\"font-weight: 400;\">En \u00faltim lloc, hem pogut manipular amb<\/span><b> pilotes de diferents mides i materials, plenes i buides i com es despla\u00e7aven a trav\u00e9s de canals amb algun estri que provocava vent.<\/b><span style=\"font-weight: 400;\"> N\u2019hem fet servir diferents estris: infladors de globus, manxes de bicicleta, bufadors de llar de foc, tapes de suro o de metall\u2026<\/span><\/p>\n<p><span style=\"font-weight: 400;\">Tot plegat ha estat molt interessant i tots i totes hem apr\u00e8s coses noves i interessants.<\/span><\/p>\n<p><a href=\"https:\/\/photos.app.goo.gl\/b6zUTK9HQ9DGfQg19\">Recull de fotos<\/a><\/p>\n","protected":false},"excerpt":{"rendered":"<p>Aquestes \u00faltimes setmanes hem experimentat i hem apr\u00e8s moltes coses de l\u2019aire i el vent, gr\u00e0cies al material que ens han deixat en pr\u00e9stec des dels Serveis Educatius.<br \/>\nPrimer de tot, vam fer hip\u00f2tesis sobre l\u2019aire: l\u2019aire es veu? El podem agafar? El podem tocar? Ocupa&hellip;  <a href=\"https:\/\/agora.xtec.cat\/ceipgranullarius\/general\/i4i5-laire-a-lambient-steam\/\" title=\"Read I4+I5 l&#8217;aire a l&#8217;ambient STEAM\">Llegeix m\u00e9s\u00bb<\/a><\/p>\n","protected":false},"author":1,"featured_media":0,"comment_status":"open","ping_status":"closed","sticky":false,"template":"","format":"standard","meta":{"_bbp_topic_count":0,"_bbp_reply_count":0,"_bbp_total_topic_count":0,"_bbp_total_reply_count":0,"_bbp_voice_count":0,"_bbp_anonymous_reply_count":0,"_bbp_topic_count_hidden":0,"_bbp_reply_count_hidden":0,"_bbp_forum_subforum_count":0,"footnotes":""},"categories":[2,1,8,9,4],"tags":[],"class_list":["post-3697","post","type-post","status-publish","format-standard","hentry","category-educacio-infantil","category-general","category-i4","category-i5","category-portada"],"post_mailing_queue_ids":[],"_links":{"self":[{"href":"https:\/\/agora.xtec.cat\/ceipgranullarius\/wp-json\/wp\/v2\/posts\/3697","targetHints":{"allow":["GET"]}}],"collection":[{"href":"https:\/\/agora.xtec.cat\/ceipgranullarius\/wp-json\/wp\/v2\/posts"}],"about":[{"href":"https:\/\/agora.xtec.cat\/ceipgranullarius\/wp-json\/wp\/v2\/types\/post"}],"author":[{"embeddable":true,"href":"https:\/\/agora.xtec.cat\/ceipgranullarius\/wp-json\/wp\/v2\/users\/1"}],"replies":[{"embeddable":true,"href":"https:\/\/agora.xtec.cat\/ceipgranullarius\/wp-json\/wp\/v2\/comments?post=3697"}],"version-history":[{"count":1,"href":"https:\/\/agora.xtec.cat\/ceipgranullarius\/wp-json\/wp\/v2\/posts\/3697\/revisions"}],"predecessor-version":[{"id":3699,"href":"https:\/\/agora.xtec.cat\/ceipgranullarius\/wp-json\/wp\/v2\/posts\/3697\/revisions\/3699"}],"wp:attachment":[{"href":"https:\/\/agora.xtec.cat\/ceipgranullarius\/wp-json\/wp\/v2\/media?parent=3697"}],"wp:term":[{"taxonomy":"category","embeddable":true,"href":"https:\/\/agora.xtec.cat\/ceipgranullarius\/wp-json\/wp\/v2\/categories?post=3697"},{"taxonomy":"post_tag","embeddable":true,"href":"https:\/\/agora.xtec.cat\/ceipgranullarius\/wp-json\/wp\/v2\/tags?post=3697"}],"curies":[{"name":"wp","href":"https:\/\/api.w.org\/{rel}","templated":true}]}}