{"id":3638,"date":"2023-04-20T10:26:03","date_gmt":"2023-04-20T08:26:03","guid":{"rendered":"https:\/\/agora.xtec.cat\/ceipgranullarius\/?p=3638"},"modified":"2023-04-20T10:26:03","modified_gmt":"2023-04-20T08:26:03","slug":"lescriptor-carles-sala-visita-lalumnat-de-2n","status":"publish","type":"post","link":"https:\/\/agora.xtec.cat\/ceipgranullarius\/general\/lescriptor-carles-sala-visita-lalumnat-de-2n\/","title":{"rendered":"L&#8217;escriptor Carles Sala visita l&#8217;alumnat de 2n"},"content":{"rendered":"<p><img loading=\"lazy\" decoding=\"async\" class=\"aligncenter size-medium wp-image-3639\" src=\"https:\/\/agora.xtec.cat\/ceipgranullarius\/wp-content\/uploads\/usu769\/2023\/04\/1-Portada-210x300.jpg\" alt=\"\" width=\"210\" height=\"300\" srcset=\"https:\/\/agora.xtec.cat\/ceipgranullarius\/wp-content\/uploads\/usu769\/2023\/04\/1-Portada-210x300.jpg 210w, https:\/\/agora.xtec.cat\/ceipgranullarius\/wp-content\/uploads\/usu769\/2023\/04\/1-Portada-717x1024.jpg 717w, https:\/\/agora.xtec.cat\/ceipgranullarius\/wp-content\/uploads\/usu769\/2023\/04\/1-Portada-768x1097.jpg 768w, https:\/\/agora.xtec.cat\/ceipgranullarius\/wp-content\/uploads\/usu769\/2023\/04\/1-Portada.jpg 1000w\" sizes=\"auto, (max-width: 210px) 100vw, 210px\" \/><\/p>\n<p><span style=\"font-weight: 400;\">Els nens i les nenes de 2n hem llegit el llibre <\/span><i><span style=\"font-weight: 400;\">Tramuntana a la Granja<\/span><\/i> <span style=\"font-weight: 400;\">d\u2019en Carles Sala i Vila i ens ha agradat molt. El dia 12 d\u2019abril ens ha vingut a visitar a l\u2019escola l\u2019autor, ens ha explicat coses sobre la seva traject\u00f2ria com a escriptor, tamb\u00e9 li hem fet moltes preguntes i despr\u00e9s ens ha signat a tots els llibres.<\/span><\/p>\n<p><span style=\"font-weight: 400;\">Us el recomanem!!<\/span><\/p>\n<p><a href=\"https:\/\/photos.app.goo.gl\/ob1CAThe6x9WMX7V7\">\u00c0lbum de fotos<\/a><\/p>\n","protected":false},"excerpt":{"rendered":"<p>Els nens i les nenes de 2n hem llegit el llibre Tramuntana a la Granja d\u2019en Carles Sala i Vila i ens ha agradat molt. El dia 12 d\u2019abril ens ha vingut a visitar a l\u2019escola l\u2019autor, ens ha explicat coses sobre la seva traject\u00f2ria&hellip;  <a href=\"https:\/\/agora.xtec.cat\/ceipgranullarius\/general\/lescriptor-carles-sala-visita-lalumnat-de-2n\/\" title=\"Read L&#8217;escriptor Carles Sala visita l&#8217;alumnat de 2n\">Llegeix m\u00e9s\u00bb<\/a><\/p>\n","protected":false},"author":1,"featured_media":0,"comment_status":"open","ping_status":"closed","sticky":false,"template":"","format":"standard","meta":{"_bbp_topic_count":0,"_bbp_reply_count":0,"_bbp_total_topic_count":0,"_bbp_total_reply_count":0,"_bbp_voice_count":0,"_bbp_anonymous_reply_count":0,"_bbp_topic_count_hidden":0,"_bbp_reply_count_hidden":0,"_bbp_forum_subforum_count":0,"footnotes":""},"categories":[11,1,4],"tags":[],"class_list":["post-3638","post","type-post","status-publish","format-standard","hentry","category-2n","category-general","category-portada"],"post_mailing_queue_ids":[],"_links":{"self":[{"href":"https:\/\/agora.xtec.cat\/ceipgranullarius\/wp-json\/wp\/v2\/posts\/3638","targetHints":{"allow":["GET"]}}],"collection":[{"href":"https:\/\/agora.xtec.cat\/ceipgranullarius\/wp-json\/wp\/v2\/posts"}],"about":[{"href":"https:\/\/agora.xtec.cat\/ceipgranullarius\/wp-json\/wp\/v2\/types\/post"}],"author":[{"embeddable":true,"href":"https:\/\/agora.xtec.cat\/ceipgranullarius\/wp-json\/wp\/v2\/users\/1"}],"replies":[{"embeddable":true,"href":"https:\/\/agora.xtec.cat\/ceipgranullarius\/wp-json\/wp\/v2\/comments?post=3638"}],"version-history":[{"count":1,"href":"https:\/\/agora.xtec.cat\/ceipgranullarius\/wp-json\/wp\/v2\/posts\/3638\/revisions"}],"predecessor-version":[{"id":3640,"href":"https:\/\/agora.xtec.cat\/ceipgranullarius\/wp-json\/wp\/v2\/posts\/3638\/revisions\/3640"}],"wp:attachment":[{"href":"https:\/\/agora.xtec.cat\/ceipgranullarius\/wp-json\/wp\/v2\/media?parent=3638"}],"wp:term":[{"taxonomy":"category","embeddable":true,"href":"https:\/\/agora.xtec.cat\/ceipgranullarius\/wp-json\/wp\/v2\/categories?post=3638"},{"taxonomy":"post_tag","embeddable":true,"href":"https:\/\/agora.xtec.cat\/ceipgranullarius\/wp-json\/wp\/v2\/tags?post=3638"}],"curies":[{"name":"wp","href":"https:\/\/api.w.org\/{rel}","templated":true}]}}