{"id":3617,"date":"2023-04-14T11:32:32","date_gmt":"2023-04-14T09:32:32","guid":{"rendered":"https:\/\/agora.xtec.cat\/ceipgranullarius\/?p=3617"},"modified":"2023-04-14T13:26:49","modified_gmt":"2023-04-14T11:26:49","slug":"english-day-2023","status":"publish","type":"post","link":"https:\/\/agora.xtec.cat\/ceipgranullarius\/general\/english-day-2023\/","title":{"rendered":"English Day 2023"},"content":{"rendered":"<p><img loading=\"lazy\" decoding=\"async\" class=\"aligncenter size-large wp-image-3618\" src=\"https:\/\/agora.xtec.cat\/ceipgranullarius\/wp-content\/uploads\/usu769\/2023\/04\/ENGLISH-DAY-1024x795.jpg\" alt=\"\" width=\"1024\" height=\"795\" srcset=\"https:\/\/agora.xtec.cat\/ceipgranullarius\/wp-content\/uploads\/usu769\/2023\/04\/ENGLISH-DAY-1024x795.jpg 1024w, https:\/\/agora.xtec.cat\/ceipgranullarius\/wp-content\/uploads\/usu769\/2023\/04\/ENGLISH-DAY-300x233.jpg 300w, https:\/\/agora.xtec.cat\/ceipgranullarius\/wp-content\/uploads\/usu769\/2023\/04\/ENGLISH-DAY-768x596.jpg 768w, https:\/\/agora.xtec.cat\/ceipgranullarius\/wp-content\/uploads\/usu769\/2023\/04\/ENGLISH-DAY.jpg 1401w\" sizes=\"auto, (max-width: 1024px) 100vw, 1024px\" \/><\/p>\n<p style=\"text-align: justify;\"><span style=\"font-weight: 400;\">Dimecres 15 de mar\u00e7 vam celebrar l&#8217;English Day!\u00a0<\/span><\/p>\n<p style=\"text-align: justify;\"><span style=\"font-weight: 400;\">L\u2019escola es va convertir en una ciutat on poder anar al restaurant, al cinema, al metge i a la botiga de roba.<\/span><\/p>\n<p style=\"text-align: justify;\"><span style=\"font-weight: 400;\">Els alumnes de 5\u00e8 van ser els encarregats de la dinamitzaci\u00f3 d\u2019aquests tallers, i els alumnes de 6\u00e8 ens van oferir un fant\u00e0stic musical: \u201cGrease\u201d.<\/span><\/p>\n<p style=\"text-align: justify;\"><span style=\"font-weight: 400;\">Felicitem a tot l\u2019alumnat per la seva implicaci\u00f3, participaci\u00f3 i esfor\u00e7 en aquesta jornada!<\/span><\/p>\n<p style=\"text-align: justify;\">\n<p style=\"text-align: justify;\"><span style=\"font-weight: 400;\">On Wednesday, March 15th, we celebrated the English Day!\u00a0<\/span><\/p>\n<p style=\"text-align: justify;\"><span style=\"font-weight: 400;\">The school became a city where students could go to the restaurant, the cinema, the doctor and the clothes shop.<\/span><\/p>\n<p style=\"text-align: justify;\"><span style=\"font-weight: 400;\">The 5th graders were in charge of dynamizing these workshops, and the 6th graders offered us a fantastic musical: &#8220;Grease&#8221;.<\/span><\/p>\n<p style=\"text-align: justify;\"><span style=\"font-weight: 400;\">We want to congratulate all the students for their involvement, participation and effort on this day!<\/span><\/p>\n<p style=\"text-align: justify;\"><span style=\"font-weight: 400;\">Aqu\u00ed podeu trobar les fotos d\u2019aquest dia:<\/span><\/p>\n<p style=\"text-align: justify;\"><a href=\"https:\/\/photos.app.goo.gl\/Rs72T8E3TwvmcfaE7\">Educaci\u00f3 Infantil<\/a><\/p>\n<p style=\"text-align: justify;\"><a href=\"https:\/\/photos.app.goo.gl\/nPDdrXkL6anPW8Fw9\">Cicle inicial<\/a><\/p>\n<p style=\"text-align: justify;\"><a href=\"https:\/\/photos.app.goo.gl\/74cgUPz1LfETz15E9\">Cicle mitj\u00e0<\/a><\/p>\n<p style=\"text-align: justify;\"><a href=\"https:\/\/photos.app.goo.gl\/quudFQoEsQTrV6xX9\">6\u00e8<\/a><\/p>\n","protected":false},"excerpt":{"rendered":"<p>Dimecres 15 de mar\u00e7 vam celebrar l&#8217;English Day!\u00a0<br \/>\nL\u2019escola es va convertir en una ciutat on poder anar al restaurant, al cinema, al metge i a la botiga de roba.<br \/>\nEls alumnes de 5\u00e8 van ser els encarregats de la dinamitzaci\u00f3 d\u2019aquests tallers, i els alumnes de&hellip;  <a href=\"https:\/\/agora.xtec.cat\/ceipgranullarius\/general\/english-day-2023\/\" title=\"Read English Day 2023\">Llegeix m\u00e9s\u00bb<\/a><\/p>\n","protected":false},"author":1,"featured_media":0,"comment_status":"open","ping_status":"closed","sticky":false,"template":"","format":"standard","meta":{"_bbp_topic_count":0,"_bbp_reply_count":0,"_bbp_total_topic_count":0,"_bbp_total_reply_count":0,"_bbp_voice_count":0,"_bbp_anonymous_reply_count":0,"_bbp_topic_count_hidden":0,"_bbp_reply_count_hidden":0,"_bbp_forum_subforum_count":0,"footnotes":""},"categories":[1,46,4],"tags":[],"class_list":["post-3617","post","type-post","status-publish","format-standard","hentry","category-general","category-som-escola-gep","category-portada"],"post_mailing_queue_ids":[],"_links":{"self":[{"href":"https:\/\/agora.xtec.cat\/ceipgranullarius\/wp-json\/wp\/v2\/posts\/3617","targetHints":{"allow":["GET"]}}],"collection":[{"href":"https:\/\/agora.xtec.cat\/ceipgranullarius\/wp-json\/wp\/v2\/posts"}],"about":[{"href":"https:\/\/agora.xtec.cat\/ceipgranullarius\/wp-json\/wp\/v2\/types\/post"}],"author":[{"embeddable":true,"href":"https:\/\/agora.xtec.cat\/ceipgranullarius\/wp-json\/wp\/v2\/users\/1"}],"replies":[{"embeddable":true,"href":"https:\/\/agora.xtec.cat\/ceipgranullarius\/wp-json\/wp\/v2\/comments?post=3617"}],"version-history":[{"count":2,"href":"https:\/\/agora.xtec.cat\/ceipgranullarius\/wp-json\/wp\/v2\/posts\/3617\/revisions"}],"predecessor-version":[{"id":3620,"href":"https:\/\/agora.xtec.cat\/ceipgranullarius\/wp-json\/wp\/v2\/posts\/3617\/revisions\/3620"}],"wp:attachment":[{"href":"https:\/\/agora.xtec.cat\/ceipgranullarius\/wp-json\/wp\/v2\/media?parent=3617"}],"wp:term":[{"taxonomy":"category","embeddable":true,"href":"https:\/\/agora.xtec.cat\/ceipgranullarius\/wp-json\/wp\/v2\/categories?post=3617"},{"taxonomy":"post_tag","embeddable":true,"href":"https:\/\/agora.xtec.cat\/ceipgranullarius\/wp-json\/wp\/v2\/tags?post=3617"}],"curies":[{"name":"wp","href":"https:\/\/api.w.org\/{rel}","templated":true}]}}