{"id":3610,"date":"2023-04-13T10:43:49","date_gmt":"2023-04-13T08:43:49","guid":{"rendered":"https:\/\/agora.xtec.cat\/ceipgranullarius\/?p=3610"},"modified":"2023-04-14T13:27:53","modified_gmt":"2023-04-14T11:27:53","slug":"sortida-a-la-colonia-vidal-6e","status":"publish","type":"post","link":"https:\/\/agora.xtec.cat\/ceipgranullarius\/general\/sortida-a-la-colonia-vidal-6e\/","title":{"rendered":"Sortida a la Col\u00f2nia Vidal &#8211; 6\u00e8"},"content":{"rendered":"<p><img loading=\"lazy\" decoding=\"async\" class=\"aligncenter size-large wp-image-3611\" src=\"https:\/\/agora.xtec.cat\/ceipgranullarius\/wp-content\/uploads\/usu769\/2023\/04\/0.-Portada-1-1-1024x768.jpg\" alt=\"\" width=\"1024\" height=\"768\" srcset=\"https:\/\/agora.xtec.cat\/ceipgranullarius\/wp-content\/uploads\/usu769\/2023\/04\/0.-Portada-1-1-1024x768.jpg 1024w, https:\/\/agora.xtec.cat\/ceipgranullarius\/wp-content\/uploads\/usu769\/2023\/04\/0.-Portada-1-1-300x225.jpg 300w, https:\/\/agora.xtec.cat\/ceipgranullarius\/wp-content\/uploads\/usu769\/2023\/04\/0.-Portada-1-1-768x576.jpg 768w, https:\/\/agora.xtec.cat\/ceipgranullarius\/wp-content\/uploads\/usu769\/2023\/04\/0.-Portada-1-1-1536x1152.jpg 1536w, https:\/\/agora.xtec.cat\/ceipgranullarius\/wp-content\/uploads\/usu769\/2023\/04\/0.-Portada-1-1-2048x1536.jpg 2048w, https:\/\/agora.xtec.cat\/ceipgranullarius\/wp-content\/uploads\/usu769\/2023\/04\/0.-Portada-1-1-200x150.jpg 200w\" sizes=\"auto, (max-width: 1024px) 100vw, 1024px\" \/><\/p>\n<p style=\"text-align: justify;\"><span style=\"font-weight: 400;\">Dimecres 22 de mar\u00e7 els i les alumnes de 6\u00e8 hem visitat el Museu de la Col\u00f2nia Vidal de Puig-Reig.<\/span><\/p>\n<p style=\"text-align: justify;\"><span style=\"font-weight: 400;\">Aquesta activitat l\u2019hem pogut relacionar amb el nostre projecte de medi <\/span><i><span style=\"font-weight: 400;\">De \u201cTerra a la vista\u201d a \u201cSalvem la Terra\u201d<\/span><\/i><span style=\"font-weight: 400;\"> i hem reflexionat sobre com eren l<\/span><span style=\"font-weight: 400;\">a <\/span><span style=\"font-weight: 400;\">vida i les condicions laborals en les antigues col\u00f2nies t\u00e8xtils el 1900 a Catalunya.<\/span><\/p>\n<p style=\"text-align: justify;\"><span style=\"font-weight: 400;\">Ha estat una experi\u00e8ncia molt interessant i divertida!<\/span><\/p>\n<p><a href=\"https:\/\/photos.app.goo.gl\/oXcukL61K7tZKeGS9\">\u00c0lbum de fotos<\/a><\/p>\n","protected":false},"excerpt":{"rendered":"<p>Dimecres 22 de mar\u00e7 els i les alumnes de 6\u00e8 hem visitat el Museu de la Col\u00f2nia Vidal de Puig-Reig.<br \/>\nAquesta activitat l\u2019hem pogut relacionar amb el nostre projecte de medi De \u201cTerra a la vista\u201d a \u201cSalvem la Terra\u201d i hem reflexionat sobre com eren&hellip;  <a href=\"https:\/\/agora.xtec.cat\/ceipgranullarius\/general\/sortida-a-la-colonia-vidal-6e\/\" title=\"Read Sortida a la Col\u00f2nia Vidal &#8211; 6\u00e8\">Llegeix m\u00e9s\u00bb<\/a><\/p>\n","protected":false},"author":1,"featured_media":0,"comment_status":"open","ping_status":"closed","sticky":false,"template":"","format":"standard","meta":{"_bbp_topic_count":0,"_bbp_reply_count":0,"_bbp_total_topic_count":0,"_bbp_total_reply_count":0,"_bbp_voice_count":0,"_bbp_anonymous_reply_count":0,"_bbp_topic_count_hidden":0,"_bbp_reply_count_hidden":0,"_bbp_forum_subforum_count":0,"footnotes":""},"categories":[15,1,4],"tags":[],"class_list":["post-3610","post","type-post","status-publish","format-standard","hentry","category-6e","category-general","category-portada"],"post_mailing_queue_ids":[],"_links":{"self":[{"href":"https:\/\/agora.xtec.cat\/ceipgranullarius\/wp-json\/wp\/v2\/posts\/3610","targetHints":{"allow":["GET"]}}],"collection":[{"href":"https:\/\/agora.xtec.cat\/ceipgranullarius\/wp-json\/wp\/v2\/posts"}],"about":[{"href":"https:\/\/agora.xtec.cat\/ceipgranullarius\/wp-json\/wp\/v2\/types\/post"}],"author":[{"embeddable":true,"href":"https:\/\/agora.xtec.cat\/ceipgranullarius\/wp-json\/wp\/v2\/users\/1"}],"replies":[{"embeddable":true,"href":"https:\/\/agora.xtec.cat\/ceipgranullarius\/wp-json\/wp\/v2\/comments?post=3610"}],"version-history":[{"count":2,"href":"https:\/\/agora.xtec.cat\/ceipgranullarius\/wp-json\/wp\/v2\/posts\/3610\/revisions"}],"predecessor-version":[{"id":3621,"href":"https:\/\/agora.xtec.cat\/ceipgranullarius\/wp-json\/wp\/v2\/posts\/3610\/revisions\/3621"}],"wp:attachment":[{"href":"https:\/\/agora.xtec.cat\/ceipgranullarius\/wp-json\/wp\/v2\/media?parent=3610"}],"wp:term":[{"taxonomy":"category","embeddable":true,"href":"https:\/\/agora.xtec.cat\/ceipgranullarius\/wp-json\/wp\/v2\/categories?post=3610"},{"taxonomy":"post_tag","embeddable":true,"href":"https:\/\/agora.xtec.cat\/ceipgranullarius\/wp-json\/wp\/v2\/tags?post=3610"}],"curies":[{"name":"wp","href":"https:\/\/api.w.org\/{rel}","templated":true}]}}