{"id":3562,"date":"2023-04-12T14:41:53","date_gmt":"2023-04-12T12:41:53","guid":{"rendered":"https:\/\/agora.xtec.cat\/ceipgranullarius\/?p=3562"},"modified":"2023-04-12T14:41:53","modified_gmt":"2023-04-12T12:41:53","slug":"mini-marato-de-granollers-2","status":"publish","type":"post","link":"https:\/\/agora.xtec.cat\/ceipgranullarius\/general\/mini-marato-de-granollers-2\/","title":{"rendered":"Mini Marat\u00f3 de Granollers"},"content":{"rendered":"<p><img loading=\"lazy\" decoding=\"async\" class=\"aligncenter size-large wp-image-3563\" src=\"https:\/\/agora.xtec.cat\/ceipgranullarius\/wp-content\/uploads\/usu769\/2023\/04\/LA-MINI-DE-GRANOLLERS-1024x683.jpg\" alt=\"\" width=\"1024\" height=\"683\" srcset=\"https:\/\/agora.xtec.cat\/ceipgranullarius\/wp-content\/uploads\/usu769\/2023\/04\/LA-MINI-DE-GRANOLLERS-1024x683.jpg 1024w, https:\/\/agora.xtec.cat\/ceipgranullarius\/wp-content\/uploads\/usu769\/2023\/04\/LA-MINI-DE-GRANOLLERS-300x200.jpg 300w, https:\/\/agora.xtec.cat\/ceipgranullarius\/wp-content\/uploads\/usu769\/2023\/04\/LA-MINI-DE-GRANOLLERS-768x512.jpg 768w, https:\/\/agora.xtec.cat\/ceipgranullarius\/wp-content\/uploads\/usu769\/2023\/04\/LA-MINI-DE-GRANOLLERS-1536x1024.jpg 1536w, https:\/\/agora.xtec.cat\/ceipgranullarius\/wp-content\/uploads\/usu769\/2023\/04\/LA-MINI-DE-GRANOLLERS-2048x1365.jpg 2048w\" sizes=\"auto, (max-width: 1024px) 100vw, 1024px\" \/><\/p>\n<p><span style=\"font-weight: 400;\">El dia 4 de febrer va tenir lloc la Mini de Granollers, un esdeveniment que com cada any, se celebra el dia anterior a la Mitja Marat\u00f3. Les curses adaptades a les diferents categories, s\u00f3n perqu\u00e8 els nens i nenes gaudeixin d\u2019aquesta diada esportiva amb plena festivitat.<\/span><\/p>\n<p><span style=\"font-weight: 400;\">La nostra escola ha participat un any m\u00e9s amb un considerat nombre d\u2019alumnat que han pres lloc en les diferents curses i que ho han fet d\u2019all\u00f2 m\u00e9s b\u00e9.<\/span><\/p>\n<p><span style=\"font-weight: 400;\">MOLTES FELICITATS A TOTS I TOTES!!!<\/span><\/p>\n<p><a href=\"https:\/\/photos.app.goo.gl\/YqLMbhprA9NR3NcQ8\">\u00c0lbum de fotos<\/a><\/p>\n","protected":false},"excerpt":{"rendered":"<p>El dia 4 de febrer va tenir lloc la Mini de Granollers, un esdeveniment que com cada any, se celebra el dia anterior a la Mitja Marat\u00f3. Les curses adaptades a les diferents categories, s\u00f3n perqu\u00e8 els nens i nenes gaudeixin d\u2019aquesta diada esportiva amb&hellip;  <a href=\"https:\/\/agora.xtec.cat\/ceipgranullarius\/general\/mini-marato-de-granollers-2\/\" title=\"Read Mini Marat\u00f3 de Granollers\">Llegeix m\u00e9s\u00bb<\/a><\/p>\n","protected":false},"author":1,"featured_media":0,"comment_status":"open","ping_status":"closed","sticky":false,"template":"","format":"standard","meta":{"_bbp_topic_count":0,"_bbp_reply_count":0,"_bbp_total_topic_count":0,"_bbp_total_reply_count":0,"_bbp_voice_count":0,"_bbp_anonymous_reply_count":0,"_bbp_topic_count_hidden":0,"_bbp_reply_count_hidden":0,"_bbp_forum_subforum_count":0,"footnotes":""},"categories":[1,4],"tags":[],"class_list":["post-3562","post","type-post","status-publish","format-standard","hentry","category-general","category-portada"],"post_mailing_queue_ids":[],"_links":{"self":[{"href":"https:\/\/agora.xtec.cat\/ceipgranullarius\/wp-json\/wp\/v2\/posts\/3562","targetHints":{"allow":["GET"]}}],"collection":[{"href":"https:\/\/agora.xtec.cat\/ceipgranullarius\/wp-json\/wp\/v2\/posts"}],"about":[{"href":"https:\/\/agora.xtec.cat\/ceipgranullarius\/wp-json\/wp\/v2\/types\/post"}],"author":[{"embeddable":true,"href":"https:\/\/agora.xtec.cat\/ceipgranullarius\/wp-json\/wp\/v2\/users\/1"}],"replies":[{"embeddable":true,"href":"https:\/\/agora.xtec.cat\/ceipgranullarius\/wp-json\/wp\/v2\/comments?post=3562"}],"version-history":[{"count":1,"href":"https:\/\/agora.xtec.cat\/ceipgranullarius\/wp-json\/wp\/v2\/posts\/3562\/revisions"}],"predecessor-version":[{"id":3564,"href":"https:\/\/agora.xtec.cat\/ceipgranullarius\/wp-json\/wp\/v2\/posts\/3562\/revisions\/3564"}],"wp:attachment":[{"href":"https:\/\/agora.xtec.cat\/ceipgranullarius\/wp-json\/wp\/v2\/media?parent=3562"}],"wp:term":[{"taxonomy":"category","embeddable":true,"href":"https:\/\/agora.xtec.cat\/ceipgranullarius\/wp-json\/wp\/v2\/categories?post=3562"},{"taxonomy":"post_tag","embeddable":true,"href":"https:\/\/agora.xtec.cat\/ceipgranullarius\/wp-json\/wp\/v2\/tags?post=3562"}],"curies":[{"name":"wp","href":"https:\/\/api.w.org\/{rel}","templated":true}]}}