{"id":3555,"date":"2023-04-12T14:26:22","date_gmt":"2023-04-12T12:26:22","guid":{"rendered":"https:\/\/agora.xtec.cat\/ceipgranullarius\/?p=3555"},"modified":"2023-04-12T14:26:22","modified_gmt":"2023-04-12T12:26:22","slug":"diferenciem-lagut-i-el-greu-amb-instruments-i5","status":"publish","type":"post","link":"https:\/\/agora.xtec.cat\/ceipgranullarius\/general\/diferenciem-lagut-i-el-greu-amb-instruments-i5\/","title":{"rendered":"Diferenciem l\u2019agut i el greu amb instruments &#8211; I5"},"content":{"rendered":"<p><img loading=\"lazy\" decoding=\"async\" class=\"aligncenter size-large wp-image-3556\" src=\"https:\/\/agora.xtec.cat\/ceipgranullarius\/wp-content\/uploads\/usu769\/2023\/04\/PORTADA-2-1024x454.jpg\" alt=\"\" width=\"1024\" height=\"454\" srcset=\"https:\/\/agora.xtec.cat\/ceipgranullarius\/wp-content\/uploads\/usu769\/2023\/04\/PORTADA-2-1024x454.jpg 1024w, https:\/\/agora.xtec.cat\/ceipgranullarius\/wp-content\/uploads\/usu769\/2023\/04\/PORTADA-2-300x133.jpg 300w, https:\/\/agora.xtec.cat\/ceipgranullarius\/wp-content\/uploads\/usu769\/2023\/04\/PORTADA-2-768x340.jpg 768w, https:\/\/agora.xtec.cat\/ceipgranullarius\/wp-content\/uploads\/usu769\/2023\/04\/PORTADA-2-1536x680.jpg 1536w, https:\/\/agora.xtec.cat\/ceipgranullarius\/wp-content\/uploads\/usu769\/2023\/04\/PORTADA-2-2048x907.jpg 2048w\" sizes=\"auto, (max-width: 1024px) 100vw, 1024px\" \/><\/p>\n<p><span style=\"font-weight: 400;\">Les nenes i els nens d\u2019I5 hem gaudit molt de les classes de m\u00fasica i hem apr\u00e8s moltes coses durant el primer trimestre, com per exemple can\u00e7ons i danses, a diferenciar so-silenci, fort-fluix&#8230;\u00a0<\/span><\/p>\n<p><span style=\"font-weight: 400;\">Aquestes \u00faltimes setmanes hem estat treballant l\u2019agut i el greu i hem classificat alguns instruments segons l\u2019altura del so. Tot seguit hem creat la nostra pr\u00f2pia orquestra i hem tocat els instruments: primer els aguts, despr\u00e9s els greus i al final tots junts.\u00a0<\/span><\/p>\n<p><span style=\"font-weight: 400;\">Ens ho hem passat molt b\u00e9!\u00a0 <\/span><\/p>\n<p><a href=\"https:\/\/photos.app.goo.gl\/TTt4XPS9gYXVQJw4A\">\u00c0lbum de fotos<\/a><\/p>\n","protected":false},"excerpt":{"rendered":"<p>Les nenes i els nens d\u2019I5 hem gaudit molt de les classes de m\u00fasica i hem apr\u00e8s moltes coses durant el primer trimestre, com per exemple can\u00e7ons i danses, a diferenciar so-silenci, fort-fluix&#8230;\u00a0<br \/>\nAquestes \u00faltimes setmanes hem estat treballant l\u2019agut i el greu i hem classificat&hellip;  <a href=\"https:\/\/agora.xtec.cat\/ceipgranullarius\/general\/diferenciem-lagut-i-el-greu-amb-instruments-i5\/\" title=\"Read Diferenciem l\u2019agut i el greu amb instruments &#8211; I5\">Llegeix m\u00e9s\u00bb<\/a><\/p>\n","protected":false},"author":1,"featured_media":0,"comment_status":"open","ping_status":"closed","sticky":false,"template":"","format":"standard","meta":{"_bbp_topic_count":0,"_bbp_reply_count":0,"_bbp_total_topic_count":0,"_bbp_total_reply_count":0,"_bbp_voice_count":0,"_bbp_anonymous_reply_count":0,"_bbp_topic_count_hidden":0,"_bbp_reply_count_hidden":0,"_bbp_forum_subforum_count":0,"footnotes":""},"categories":[1,9,4],"tags":[],"class_list":["post-3555","post","type-post","status-publish","format-standard","hentry","category-general","category-i5","category-portada"],"post_mailing_queue_ids":[],"_links":{"self":[{"href":"https:\/\/agora.xtec.cat\/ceipgranullarius\/wp-json\/wp\/v2\/posts\/3555","targetHints":{"allow":["GET"]}}],"collection":[{"href":"https:\/\/agora.xtec.cat\/ceipgranullarius\/wp-json\/wp\/v2\/posts"}],"about":[{"href":"https:\/\/agora.xtec.cat\/ceipgranullarius\/wp-json\/wp\/v2\/types\/post"}],"author":[{"embeddable":true,"href":"https:\/\/agora.xtec.cat\/ceipgranullarius\/wp-json\/wp\/v2\/users\/1"}],"replies":[{"embeddable":true,"href":"https:\/\/agora.xtec.cat\/ceipgranullarius\/wp-json\/wp\/v2\/comments?post=3555"}],"version-history":[{"count":1,"href":"https:\/\/agora.xtec.cat\/ceipgranullarius\/wp-json\/wp\/v2\/posts\/3555\/revisions"}],"predecessor-version":[{"id":3557,"href":"https:\/\/agora.xtec.cat\/ceipgranullarius\/wp-json\/wp\/v2\/posts\/3555\/revisions\/3557"}],"wp:attachment":[{"href":"https:\/\/agora.xtec.cat\/ceipgranullarius\/wp-json\/wp\/v2\/media?parent=3555"}],"wp:term":[{"taxonomy":"category","embeddable":true,"href":"https:\/\/agora.xtec.cat\/ceipgranullarius\/wp-json\/wp\/v2\/categories?post=3555"},{"taxonomy":"post_tag","embeddable":true,"href":"https:\/\/agora.xtec.cat\/ceipgranullarius\/wp-json\/wp\/v2\/tags?post=3555"}],"curies":[{"name":"wp","href":"https:\/\/api.w.org\/{rel}","templated":true}]}}