{"id":3552,"date":"2023-04-12T14:19:13","date_gmt":"2023-04-12T12:19:13","guid":{"rendered":"https:\/\/agora.xtec.cat\/ceipgranullarius\/?p=3552"},"modified":"2023-04-12T14:19:13","modified_gmt":"2023-04-12T12:19:13","slug":"4t-coneixem-catalunya","status":"publish","type":"post","link":"https:\/\/agora.xtec.cat\/ceipgranullarius\/general\/4t-coneixem-catalunya\/","title":{"rendered":"4t: Coneixem Catalunya?"},"content":{"rendered":"<p><img loading=\"lazy\" decoding=\"async\" class=\"aligncenter size-large wp-image-3553\" src=\"https:\/\/agora.xtec.cat\/ceipgranullarius\/wp-content\/uploads\/usu769\/2023\/04\/0.-Portada-1024x727.jpg\" alt=\"\" width=\"1024\" height=\"727\" srcset=\"https:\/\/agora.xtec.cat\/ceipgranullarius\/wp-content\/uploads\/usu769\/2023\/04\/0.-Portada-1024x727.jpg 1024w, https:\/\/agora.xtec.cat\/ceipgranullarius\/wp-content\/uploads\/usu769\/2023\/04\/0.-Portada-300x213.jpg 300w, https:\/\/agora.xtec.cat\/ceipgranullarius\/wp-content\/uploads\/usu769\/2023\/04\/0.-Portada-768x545.jpg 768w, https:\/\/agora.xtec.cat\/ceipgranullarius\/wp-content\/uploads\/usu769\/2023\/04\/0.-Portada-1536x1091.jpg 1536w, https:\/\/agora.xtec.cat\/ceipgranullarius\/wp-content\/uploads\/usu769\/2023\/04\/0.-Portada-rotated.jpg 1746w\" sizes=\"auto, (max-width: 1024px) 100vw, 1024px\" \/><\/p>\n<p><span style=\"font-weight: 400;\">Durant el 1r trimestre a 4t hem estat fent el projecte <\/span><i><span style=\"font-weight: 400;\">Coneixem Catalunya? <\/span><\/i><span style=\"font-weight: 400;\">i<\/span> <span style=\"font-weight: 400;\">el nostre repte era <\/span><i><span style=\"font-weight: 400;\">Com podem detectar not\u00edcies falses sobre el nostre entorn?. <\/span><\/i><span style=\"font-weight: 400;\">Gr\u00e0cies a aquest projecte ens hem tornat experts en detectar<\/span><i><span style=\"font-weight: 400;\"> fake news<\/span><\/i><span style=\"font-weight: 400;\"> i tamb\u00e9 en Catalunya. Concretament, hem apr\u00e8s (a trav\u00e9s de v\u00eddeos reals, pluges d\u2019idees, cerques d\u2019informaci\u00f3 a la xarxa en equips cooperatius, jocs online\/manipulatius i fins i tot una sortida vivencial a Catalunya en miniatura); la situaci\u00f3 de Catalunya a Espanya, Europa i al m\u00f3n, la divisi\u00f3 del territori en prov\u00edncies i comarques, el paisatge, clima o relleu, monuments importants i les tradicions i la cultura. Per finalitzar el projecte, hem pintat entre tots un mapa col\u00b7laboratiu de les comarques de Catalunya i hem situat fotografies d\u2019algunes de les maquetes que vam veure a la sortida. Qu\u00e8 b\u00e9 ho han fet els nens i nenes de 4t i quant han apr\u00e8s!<\/span><\/p>\n<p><a href=\"https:\/\/photos.app.goo.gl\/qQWypPvwxyKg4Dvo9\">\u00c0lbum de fotos<\/a><\/p>\n","protected":false},"excerpt":{"rendered":"<p>Durant el 1r trimestre a 4t hem estat fent el projecte Coneixem Catalunya? i el nostre repte era Com podem detectar not\u00edcies falses sobre el nostre entorn?. Gr\u00e0cies a aquest projecte ens hem tornat experts en detectar fake news i tamb\u00e9 en Catalunya. Concretament, hem&hellip;  <a href=\"https:\/\/agora.xtec.cat\/ceipgranullarius\/general\/4t-coneixem-catalunya\/\" title=\"Read 4t: Coneixem Catalunya?\">Llegeix m\u00e9s\u00bb<\/a><\/p>\n","protected":false},"author":1,"featured_media":0,"comment_status":"open","ping_status":"closed","sticky":false,"template":"","format":"standard","meta":{"_bbp_topic_count":0,"_bbp_reply_count":0,"_bbp_total_topic_count":0,"_bbp_total_reply_count":0,"_bbp_voice_count":0,"_bbp_anonymous_reply_count":0,"_bbp_topic_count_hidden":0,"_bbp_reply_count_hidden":0,"_bbp_forum_subforum_count":0,"footnotes":""},"categories":[13,1,4],"tags":[],"class_list":["post-3552","post","type-post","status-publish","format-standard","hentry","category-4t","category-general","category-portada"],"post_mailing_queue_ids":[],"_links":{"self":[{"href":"https:\/\/agora.xtec.cat\/ceipgranullarius\/wp-json\/wp\/v2\/posts\/3552","targetHints":{"allow":["GET"]}}],"collection":[{"href":"https:\/\/agora.xtec.cat\/ceipgranullarius\/wp-json\/wp\/v2\/posts"}],"about":[{"href":"https:\/\/agora.xtec.cat\/ceipgranullarius\/wp-json\/wp\/v2\/types\/post"}],"author":[{"embeddable":true,"href":"https:\/\/agora.xtec.cat\/ceipgranullarius\/wp-json\/wp\/v2\/users\/1"}],"replies":[{"embeddable":true,"href":"https:\/\/agora.xtec.cat\/ceipgranullarius\/wp-json\/wp\/v2\/comments?post=3552"}],"version-history":[{"count":1,"href":"https:\/\/agora.xtec.cat\/ceipgranullarius\/wp-json\/wp\/v2\/posts\/3552\/revisions"}],"predecessor-version":[{"id":3554,"href":"https:\/\/agora.xtec.cat\/ceipgranullarius\/wp-json\/wp\/v2\/posts\/3552\/revisions\/3554"}],"wp:attachment":[{"href":"https:\/\/agora.xtec.cat\/ceipgranullarius\/wp-json\/wp\/v2\/media?parent=3552"}],"wp:term":[{"taxonomy":"category","embeddable":true,"href":"https:\/\/agora.xtec.cat\/ceipgranullarius\/wp-json\/wp\/v2\/categories?post=3552"},{"taxonomy":"post_tag","embeddable":true,"href":"https:\/\/agora.xtec.cat\/ceipgranullarius\/wp-json\/wp\/v2\/tags?post=3552"}],"curies":[{"name":"wp","href":"https:\/\/api.w.org\/{rel}","templated":true}]}}