{"id":3543,"date":"2023-04-12T13:59:37","date_gmt":"2023-04-12T11:59:37","guid":{"rendered":"https:\/\/agora.xtec.cat\/ceipgranullarius\/?p=3543"},"modified":"2023-04-12T13:59:37","modified_gmt":"2023-04-12T11:59:37","slug":"intercanvi-de-postals-de-nadal","status":"publish","type":"post","link":"https:\/\/agora.xtec.cat\/ceipgranullarius\/general\/intercanvi-de-postals-de-nadal\/","title":{"rendered":"Intercanvi de postals de Nadal"},"content":{"rendered":"<p><img loading=\"lazy\" decoding=\"async\" class=\"aligncenter size-large wp-image-3544\" src=\"https:\/\/agora.xtec.cat\/ceipgranullarius\/wp-content\/uploads\/usu769\/2023\/04\/5005A2F5-2E4D-423F-864A-1967348024AF-1024x768.jpg\" alt=\"\" width=\"1024\" height=\"768\" srcset=\"https:\/\/agora.xtec.cat\/ceipgranullarius\/wp-content\/uploads\/usu769\/2023\/04\/5005A2F5-2E4D-423F-864A-1967348024AF-1024x768.jpg 1024w, https:\/\/agora.xtec.cat\/ceipgranullarius\/wp-content\/uploads\/usu769\/2023\/04\/5005A2F5-2E4D-423F-864A-1967348024AF-300x225.jpg 300w, https:\/\/agora.xtec.cat\/ceipgranullarius\/wp-content\/uploads\/usu769\/2023\/04\/5005A2F5-2E4D-423F-864A-1967348024AF-768x576.jpg 768w, https:\/\/agora.xtec.cat\/ceipgranullarius\/wp-content\/uploads\/usu769\/2023\/04\/5005A2F5-2E4D-423F-864A-1967348024AF-1536x1152.jpg 1536w, https:\/\/agora.xtec.cat\/ceipgranullarius\/wp-content\/uploads\/usu769\/2023\/04\/5005A2F5-2E4D-423F-864A-1967348024AF-2048x1536.jpg 2048w, https:\/\/agora.xtec.cat\/ceipgranullarius\/wp-content\/uploads\/usu769\/2023\/04\/5005A2F5-2E4D-423F-864A-1967348024AF-200x150.jpg 200w\" sizes=\"auto, (max-width: 1024px) 100vw, 1024px\" \/><\/p>\n<p>Un dels moments m\u00e9s emotius i que m\u00e9s agrada als infants de l&#8217;escola en els dies previs al Nadal, \u00e9s l&#8217;intercanvi de postals entre els diferents grups. A continuaci\u00f3 podeu veure les fotos de cada grup:<\/p>\n<p><a href=\"https:\/\/photos.app.goo.gl\/hwm36hwp7GjydwYH6\">I3A &#8211; 3rA<\/a><\/p>\n<p><a href=\"https:\/\/photos.app.goo.gl\/bKvMWjeG3tBXk5tr8\">I3B &#8211; 3rB<\/a><\/p>\n<p><a href=\"https:\/\/photos.app.goo.gl\/kwePUWWYXMnQMBxW8\">I4A &#8211; 2nA<\/a><\/p>\n<p><a href=\"https:\/\/photos.app.goo.gl\/ZtjasPbADiqqjJ54A\">I4B &#8211; 4tA<\/a><\/p>\n<p><a href=\"https:\/\/photos.app.goo.gl\/NTybUkQstKKXqNPZ9\">2nB &#8211; 4tB<\/a><\/p>\n<p><a href=\"https:\/\/photos.app.goo.gl\/MgGYhvWV4Tzx53K68\">1r &#8211; 6\u00e8<\/a><\/p>\n<p>Esperem que us agradin!<\/p>\n","protected":false},"excerpt":{"rendered":"<p>Un dels moments m\u00e9s emotius i que m\u00e9s agrada als infants de l&#8217;escola en els dies previs al Nadal, \u00e9s l&#8217;intercanvi de postals entre els diferents grups. A continuaci\u00f3 podeu veure les fotos de cada grup:<br \/>\n<a href=\"https:\/\/photos.app.goo.gl\/hwm36hwp7GjydwYH6\">I3A &#8211; 3rA<\/a><br \/>\n<a href=\"https:\/\/photos.app.goo.gl\/bKvMWjeG3tBXk5tr8\">I3B &#8211; 3rB<\/a><br \/>\n<a href=\"https:\/\/photos.app.goo.gl\/kwePUWWYXMnQMBxW8\">I4A &#8211; 2nA<\/a><br \/>\n<a&hellip;  <a href=\"https:\/\/agora.xtec.cat\/ceipgranullarius\/general\/intercanvi-de-postals-de-nadal\/\" title=\"Read Intercanvi de postals de Nadal\">Llegeix m\u00e9s\u00bb<\/a><\/p>\n","protected":false},"author":1,"featured_media":0,"comment_status":"open","ping_status":"closed","sticky":false,"template":"","format":"standard","meta":{"_bbp_topic_count":0,"_bbp_reply_count":0,"_bbp_total_topic_count":0,"_bbp_total_reply_count":0,"_bbp_voice_count":0,"_bbp_anonymous_reply_count":0,"_bbp_topic_count_hidden":0,"_bbp_reply_count_hidden":0,"_bbp_forum_subforum_count":0,"footnotes":""},"categories":[1,4],"tags":[],"class_list":["post-3543","post","type-post","status-publish","format-standard","hentry","category-general","category-portada"],"post_mailing_queue_ids":[],"_links":{"self":[{"href":"https:\/\/agora.xtec.cat\/ceipgranullarius\/wp-json\/wp\/v2\/posts\/3543","targetHints":{"allow":["GET"]}}],"collection":[{"href":"https:\/\/agora.xtec.cat\/ceipgranullarius\/wp-json\/wp\/v2\/posts"}],"about":[{"href":"https:\/\/agora.xtec.cat\/ceipgranullarius\/wp-json\/wp\/v2\/types\/post"}],"author":[{"embeddable":true,"href":"https:\/\/agora.xtec.cat\/ceipgranullarius\/wp-json\/wp\/v2\/users\/1"}],"replies":[{"embeddable":true,"href":"https:\/\/agora.xtec.cat\/ceipgranullarius\/wp-json\/wp\/v2\/comments?post=3543"}],"version-history":[{"count":1,"href":"https:\/\/agora.xtec.cat\/ceipgranullarius\/wp-json\/wp\/v2\/posts\/3543\/revisions"}],"predecessor-version":[{"id":3545,"href":"https:\/\/agora.xtec.cat\/ceipgranullarius\/wp-json\/wp\/v2\/posts\/3543\/revisions\/3545"}],"wp:attachment":[{"href":"https:\/\/agora.xtec.cat\/ceipgranullarius\/wp-json\/wp\/v2\/media?parent=3543"}],"wp:term":[{"taxonomy":"category","embeddable":true,"href":"https:\/\/agora.xtec.cat\/ceipgranullarius\/wp-json\/wp\/v2\/categories?post=3543"},{"taxonomy":"post_tag","embeddable":true,"href":"https:\/\/agora.xtec.cat\/ceipgranullarius\/wp-json\/wp\/v2\/tags?post=3543"}],"curies":[{"name":"wp","href":"https:\/\/api.w.org\/{rel}","templated":true}]}}