{"id":3537,"date":"2023-04-12T13:35:02","date_gmt":"2023-04-12T11:35:02","guid":{"rendered":"https:\/\/agora.xtec.cat\/ceipgranullarius\/?p=3537"},"modified":"2023-04-12T13:35:02","modified_gmt":"2023-04-12T11:35:02","slug":"aprenem-la-dansa-del-patapuf-i4","status":"publish","type":"post","link":"https:\/\/agora.xtec.cat\/ceipgranullarius\/general\/aprenem-la-dansa-del-patapuf-i4\/","title":{"rendered":"Aprenem la dansa del &#8220;Patapuf&#8221; &#8211; I4"},"content":{"rendered":"<p><img loading=\"lazy\" decoding=\"async\" class=\"aligncenter size-large wp-image-3538\" src=\"https:\/\/agora.xtec.cat\/ceipgranullarius\/wp-content\/uploads\/usu769\/2023\/04\/PORTADA-1-1024x768.jpg\" alt=\"\" width=\"1024\" height=\"768\" srcset=\"https:\/\/agora.xtec.cat\/ceipgranullarius\/wp-content\/uploads\/usu769\/2023\/04\/PORTADA-1-1024x768.jpg 1024w, https:\/\/agora.xtec.cat\/ceipgranullarius\/wp-content\/uploads\/usu769\/2023\/04\/PORTADA-1-300x225.jpg 300w, https:\/\/agora.xtec.cat\/ceipgranullarius\/wp-content\/uploads\/usu769\/2023\/04\/PORTADA-1-768x576.jpg 768w, https:\/\/agora.xtec.cat\/ceipgranullarius\/wp-content\/uploads\/usu769\/2023\/04\/PORTADA-1-1536x1152.jpg 1536w, https:\/\/agora.xtec.cat\/ceipgranullarius\/wp-content\/uploads\/usu769\/2023\/04\/PORTADA-1-2048x1536.jpg 2048w, https:\/\/agora.xtec.cat\/ceipgranullarius\/wp-content\/uploads\/usu769\/2023\/04\/PORTADA-1-200x150.jpg 200w\" sizes=\"auto, (max-width: 1024px) 100vw, 1024px\" \/><\/p>\n<p><span style=\"font-weight: 400;\">Les nenes i els nens d\u2019I4 hem gaudit molt de les classes de m\u00fasica i hem apr\u00e8s moltes coses durant el primer trimestre, com per exemple can\u00e7ons i danses, a diferenciar so-silenci, fort-fluix, hem fet percussi\u00f3 corporal&#8230;\u00a0<\/span><\/p>\n<p><span style=\"font-weight: 400;\">Aquestes \u00faltimes setmanes hem estat aprenent la dansa del patatuf. Mireu que b\u00e9 que ho passem!<\/span><\/p>\n<p><a href=\"https:\/\/photos.app.goo.gl\/g6yCy9vAEJDXoGvR7\">\u00c0lbum de fotos<\/a><\/p>\n","protected":false},"excerpt":{"rendered":"<p>Les nenes i els nens d\u2019I4 hem gaudit molt de les classes de m\u00fasica i hem apr\u00e8s moltes coses durant el primer trimestre, com per exemple can\u00e7ons i danses, a diferenciar so-silenci, fort-fluix, hem fet percussi\u00f3 corporal&#8230;\u00a0<br \/>\nAquestes \u00faltimes setmanes hem estat aprenent la dansa del&hellip;  <a href=\"https:\/\/agora.xtec.cat\/ceipgranullarius\/general\/aprenem-la-dansa-del-patapuf-i4\/\" title=\"Read Aprenem la dansa del &#8220;Patapuf&#8221; &#8211; I4\">Llegeix m\u00e9s\u00bb<\/a><\/p>\n","protected":false},"author":1,"featured_media":0,"comment_status":"open","ping_status":"closed","sticky":false,"template":"","format":"standard","meta":{"_bbp_topic_count":0,"_bbp_reply_count":0,"_bbp_total_topic_count":0,"_bbp_total_reply_count":0,"_bbp_voice_count":0,"_bbp_anonymous_reply_count":0,"_bbp_topic_count_hidden":0,"_bbp_reply_count_hidden":0,"_bbp_forum_subforum_count":0,"footnotes":""},"categories":[2,1,8,4],"tags":[],"class_list":["post-3537","post","type-post","status-publish","format-standard","hentry","category-educacio-infantil","category-general","category-i4","category-portada"],"post_mailing_queue_ids":[],"_links":{"self":[{"href":"https:\/\/agora.xtec.cat\/ceipgranullarius\/wp-json\/wp\/v2\/posts\/3537","targetHints":{"allow":["GET"]}}],"collection":[{"href":"https:\/\/agora.xtec.cat\/ceipgranullarius\/wp-json\/wp\/v2\/posts"}],"about":[{"href":"https:\/\/agora.xtec.cat\/ceipgranullarius\/wp-json\/wp\/v2\/types\/post"}],"author":[{"embeddable":true,"href":"https:\/\/agora.xtec.cat\/ceipgranullarius\/wp-json\/wp\/v2\/users\/1"}],"replies":[{"embeddable":true,"href":"https:\/\/agora.xtec.cat\/ceipgranullarius\/wp-json\/wp\/v2\/comments?post=3537"}],"version-history":[{"count":1,"href":"https:\/\/agora.xtec.cat\/ceipgranullarius\/wp-json\/wp\/v2\/posts\/3537\/revisions"}],"predecessor-version":[{"id":3539,"href":"https:\/\/agora.xtec.cat\/ceipgranullarius\/wp-json\/wp\/v2\/posts\/3537\/revisions\/3539"}],"wp:attachment":[{"href":"https:\/\/agora.xtec.cat\/ceipgranullarius\/wp-json\/wp\/v2\/media?parent=3537"}],"wp:term":[{"taxonomy":"category","embeddable":true,"href":"https:\/\/agora.xtec.cat\/ceipgranullarius\/wp-json\/wp\/v2\/categories?post=3537"},{"taxonomy":"post_tag","embeddable":true,"href":"https:\/\/agora.xtec.cat\/ceipgranullarius\/wp-json\/wp\/v2\/tags?post=3537"}],"curies":[{"name":"wp","href":"https:\/\/api.w.org\/{rel}","templated":true}]}}