{"id":3534,"date":"2023-04-12T13:29:36","date_gmt":"2023-04-12T11:29:36","guid":{"rendered":"https:\/\/agora.xtec.cat\/ceipgranullarius\/?p=3534"},"modified":"2023-04-12T13:29:36","modified_gmt":"2023-04-12T11:29:36","slug":"logo-guanyador-del-projecte-batega","status":"publish","type":"post","link":"https:\/\/agora.xtec.cat\/ceipgranullarius\/general\/logo-guanyador-del-projecte-batega\/","title":{"rendered":"Logo guanyador del Projecte Batega"},"content":{"rendered":"<p><img loading=\"lazy\" decoding=\"async\" class=\"aligncenter size-large wp-image-3535\" src=\"https:\/\/agora.xtec.cat\/ceipgranullarius\/wp-content\/uploads\/usu769\/2023\/04\/2.PORTADA-2-724x1024.jpg\" alt=\"\" width=\"724\" height=\"1024\" srcset=\"https:\/\/agora.xtec.cat\/ceipgranullarius\/wp-content\/uploads\/usu769\/2023\/04\/2.PORTADA-2-724x1024.jpg 724w, https:\/\/agora.xtec.cat\/ceipgranullarius\/wp-content\/uploads\/usu769\/2023\/04\/2.PORTADA-2-212x300.jpg 212w, https:\/\/agora.xtec.cat\/ceipgranullarius\/wp-content\/uploads\/usu769\/2023\/04\/2.PORTADA-2-768x1086.jpg 768w, https:\/\/agora.xtec.cat\/ceipgranullarius\/wp-content\/uploads\/usu769\/2023\/04\/2.PORTADA-2-1086x1536.jpg 1086w, https:\/\/agora.xtec.cat\/ceipgranullarius\/wp-content\/uploads\/usu769\/2023\/04\/2.PORTADA-2.jpg 1414w\" sizes=\"auto, (max-width: 724px) 100vw, 724px\" \/><\/p>\n<p><span style=\"font-weight: 400;\">Ja tenim el logo del nostre Projecte Batega, a on treballem les nostres emocions. La guanyadora ha estat la Luc\u00eda Mart\u00ednez de 6\u00e8A, la segona finalista ha estat la Martina Matamoros de 5\u00e8A i la tercera finalista la Nidae El Asri de 6\u00e8A.<\/span><\/p>\n<p><span style=\"font-weight: 400;\">Moltes felicitats a totes tres i a tothom que ha participat en aquest concurs!!<\/span><\/p>\n<p><a href=\"https:\/\/photos.app.goo.gl\/9Fy9NdzddLpmcr69A\">\u00c0lbum de fotos<\/a><\/p>\n","protected":false},"excerpt":{"rendered":"<p>Ja tenim el logo del nostre Projecte Batega, a on treballem les nostres emocions. La guanyadora ha estat la Luc\u00eda Mart\u00ednez de 6\u00e8A, la segona finalista ha estat la Martina Matamoros de 5\u00e8A i la tercera finalista la Nidae El Asri de 6\u00e8A.<br \/>\nMoltes felicitats a&hellip;  <a href=\"https:\/\/agora.xtec.cat\/ceipgranullarius\/general\/logo-guanyador-del-projecte-batega\/\" title=\"Read Logo guanyador del Projecte Batega\">Llegeix m\u00e9s\u00bb<\/a><\/p>\n","protected":false},"author":1,"featured_media":0,"comment_status":"open","ping_status":"closed","sticky":false,"template":"","format":"standard","meta":{"_bbp_topic_count":0,"_bbp_reply_count":0,"_bbp_total_topic_count":0,"_bbp_total_reply_count":0,"_bbp_voice_count":0,"_bbp_anonymous_reply_count":0,"_bbp_topic_count_hidden":0,"_bbp_reply_count_hidden":0,"_bbp_forum_subforum_count":0,"footnotes":""},"categories":[1,4,53],"tags":[],"class_list":["post-3534","post","type-post","status-publish","format-standard","hentry","category-general","category-portada","category-projectes"],"post_mailing_queue_ids":[],"_links":{"self":[{"href":"https:\/\/agora.xtec.cat\/ceipgranullarius\/wp-json\/wp\/v2\/posts\/3534","targetHints":{"allow":["GET"]}}],"collection":[{"href":"https:\/\/agora.xtec.cat\/ceipgranullarius\/wp-json\/wp\/v2\/posts"}],"about":[{"href":"https:\/\/agora.xtec.cat\/ceipgranullarius\/wp-json\/wp\/v2\/types\/post"}],"author":[{"embeddable":true,"href":"https:\/\/agora.xtec.cat\/ceipgranullarius\/wp-json\/wp\/v2\/users\/1"}],"replies":[{"embeddable":true,"href":"https:\/\/agora.xtec.cat\/ceipgranullarius\/wp-json\/wp\/v2\/comments?post=3534"}],"version-history":[{"count":1,"href":"https:\/\/agora.xtec.cat\/ceipgranullarius\/wp-json\/wp\/v2\/posts\/3534\/revisions"}],"predecessor-version":[{"id":3536,"href":"https:\/\/agora.xtec.cat\/ceipgranullarius\/wp-json\/wp\/v2\/posts\/3534\/revisions\/3536"}],"wp:attachment":[{"href":"https:\/\/agora.xtec.cat\/ceipgranullarius\/wp-json\/wp\/v2\/media?parent=3534"}],"wp:term":[{"taxonomy":"category","embeddable":true,"href":"https:\/\/agora.xtec.cat\/ceipgranullarius\/wp-json\/wp\/v2\/categories?post=3534"},{"taxonomy":"post_tag","embeddable":true,"href":"https:\/\/agora.xtec.cat\/ceipgranullarius\/wp-json\/wp\/v2\/tags?post=3534"}],"curies":[{"name":"wp","href":"https:\/\/api.w.org\/{rel}","templated":true}]}}