{"id":3525,"date":"2023-04-12T12:56:52","date_gmt":"2023-04-12T10:56:52","guid":{"rendered":"https:\/\/agora.xtec.cat\/ceipgranullarius\/?p=3525"},"modified":"2023-04-12T12:56:52","modified_gmt":"2023-04-12T10:56:52","slug":"la-patgessa-gregorina-ha-visitat-lescola","status":"publish","type":"post","link":"https:\/\/agora.xtec.cat\/ceipgranullarius\/general\/la-patgessa-gregorina-ha-visitat-lescola\/","title":{"rendered":"La Patgessa Gregorina ha visitat l&#8217;escola"},"content":{"rendered":"<p><img loading=\"lazy\" decoding=\"async\" class=\"aligncenter size-large wp-image-3526\" src=\"https:\/\/agora.xtec.cat\/ceipgranullarius\/wp-content\/uploads\/usu769\/2023\/04\/2.-portada-1-1024x461.jpg\" alt=\"\" width=\"1024\" height=\"461\" srcset=\"https:\/\/agora.xtec.cat\/ceipgranullarius\/wp-content\/uploads\/usu769\/2023\/04\/2.-portada-1-1024x461.jpg 1024w, https:\/\/agora.xtec.cat\/ceipgranullarius\/wp-content\/uploads\/usu769\/2023\/04\/2.-portada-1-300x135.jpg 300w, https:\/\/agora.xtec.cat\/ceipgranullarius\/wp-content\/uploads\/usu769\/2023\/04\/2.-portada-1-768x346.jpg 768w, https:\/\/agora.xtec.cat\/ceipgranullarius\/wp-content\/uploads\/usu769\/2023\/04\/2.-portada-1-1536x691.jpg 1536w, https:\/\/agora.xtec.cat\/ceipgranullarius\/wp-content\/uploads\/usu769\/2023\/04\/2.-portada-1.jpg 2000w\" sizes=\"auto, (max-width: 1024px) 100vw, 1024px\" \/><\/p>\n<p><span style=\"font-weight: 400;\">El dijous 15 de desembre ens va visitar la patgessa Gregorina i ens va portar la pols m\u00e0gica a tots els nens i a totes les nenes d\u2019educaci\u00f3 Infantil. El conseller, Joel de 6\u00e8, i la consellera, la Martina Lesmes de 5\u00e8, tenien l\u2019enc\u00e0rrec de rebre a la Patgessa Gregorina i acompanyant-la fins a on l\u2019estaven esperant els m\u00e9s petits i les m\u00e9s petites de l\u2019escola.<\/span><\/p>\n<p><a href=\"https:\/\/photos.app.goo.gl\/9kA6UfiEB58ETzcGA\">\u00c0lbum de fotos<\/a><\/p>\n","protected":false},"excerpt":{"rendered":"<p>El dijous 15 de desembre ens va visitar la patgessa Gregorina i ens va portar la pols m\u00e0gica a tots els nens i a totes les nenes d\u2019educaci\u00f3 Infantil. El conseller, Joel de 6\u00e8, i la consellera, la Martina Lesmes de 5\u00e8, tenien l\u2019enc\u00e0rrec de&hellip;  <a href=\"https:\/\/agora.xtec.cat\/ceipgranullarius\/general\/la-patgessa-gregorina-ha-visitat-lescola\/\" title=\"Read La Patgessa Gregorina ha visitat l&#8217;escola\">Llegeix m\u00e9s\u00bb<\/a><\/p>\n","protected":false},"author":1,"featured_media":0,"comment_status":"open","ping_status":"closed","sticky":false,"template":"","format":"standard","meta":{"_bbp_topic_count":0,"_bbp_reply_count":0,"_bbp_total_topic_count":0,"_bbp_total_reply_count":0,"_bbp_voice_count":0,"_bbp_anonymous_reply_count":0,"_bbp_topic_count_hidden":0,"_bbp_reply_count_hidden":0,"_bbp_forum_subforum_count":0,"footnotes":""},"categories":[2,1,4],"tags":[],"class_list":["post-3525","post","type-post","status-publish","format-standard","hentry","category-educacio-infantil","category-general","category-portada"],"post_mailing_queue_ids":[],"_links":{"self":[{"href":"https:\/\/agora.xtec.cat\/ceipgranullarius\/wp-json\/wp\/v2\/posts\/3525","targetHints":{"allow":["GET"]}}],"collection":[{"href":"https:\/\/agora.xtec.cat\/ceipgranullarius\/wp-json\/wp\/v2\/posts"}],"about":[{"href":"https:\/\/agora.xtec.cat\/ceipgranullarius\/wp-json\/wp\/v2\/types\/post"}],"author":[{"embeddable":true,"href":"https:\/\/agora.xtec.cat\/ceipgranullarius\/wp-json\/wp\/v2\/users\/1"}],"replies":[{"embeddable":true,"href":"https:\/\/agora.xtec.cat\/ceipgranullarius\/wp-json\/wp\/v2\/comments?post=3525"}],"version-history":[{"count":1,"href":"https:\/\/agora.xtec.cat\/ceipgranullarius\/wp-json\/wp\/v2\/posts\/3525\/revisions"}],"predecessor-version":[{"id":3527,"href":"https:\/\/agora.xtec.cat\/ceipgranullarius\/wp-json\/wp\/v2\/posts\/3525\/revisions\/3527"}],"wp:attachment":[{"href":"https:\/\/agora.xtec.cat\/ceipgranullarius\/wp-json\/wp\/v2\/media?parent=3525"}],"wp:term":[{"taxonomy":"category","embeddable":true,"href":"https:\/\/agora.xtec.cat\/ceipgranullarius\/wp-json\/wp\/v2\/categories?post=3525"},{"taxonomy":"post_tag","embeddable":true,"href":"https:\/\/agora.xtec.cat\/ceipgranullarius\/wp-json\/wp\/v2\/tags?post=3525"}],"curies":[{"name":"wp","href":"https:\/\/api.w.org\/{rel}","templated":true}]}}