{"id":3376,"date":"2023-02-13T18:52:16","date_gmt":"2023-02-13T17:52:16","guid":{"rendered":"https:\/\/agora.xtec.cat\/ceipgranullarius\/?p=3376"},"modified":"2023-03-29T14:06:55","modified_gmt":"2023-03-29T12:06:55","slug":"avis","status":"publish","type":"post","link":"https:\/\/agora.xtec.cat\/ceipgranullarius\/general\/avis\/","title":{"rendered":"ELS AVIS I \u00c0VIES DE 2N ENS PARLEN DE LA SEVA INF\u00c0NCIA"},"content":{"rendered":"<p><img loading=\"lazy\" decoding=\"async\" class=\"aligncenter size-large wp-image-3302\" src=\"https:\/\/agora.xtec.cat\/ceipgranullarius\/wp-content\/uploads\/usu769\/2022\/12\/1-Portada-1024x666.jpg\" alt=\"\" width=\"1024\" height=\"666\" srcset=\"https:\/\/agora.xtec.cat\/ceipgranullarius\/wp-content\/uploads\/usu769\/2022\/12\/1-Portada-1024x666.jpg 1024w, https:\/\/agora.xtec.cat\/ceipgranullarius\/wp-content\/uploads\/usu769\/2022\/12\/1-Portada-300x195.jpg 300w, https:\/\/agora.xtec.cat\/ceipgranullarius\/wp-content\/uploads\/usu769\/2022\/12\/1-Portada-768x499.jpg 768w, https:\/\/agora.xtec.cat\/ceipgranullarius\/wp-content\/uploads\/usu769\/2022\/12\/1-Portada-1536x999.jpg 1536w, https:\/\/agora.xtec.cat\/ceipgranullarius\/wp-content\/uploads\/usu769\/2022\/12\/1-Portada-2048x1331.jpg 2048w\" sizes=\"auto, (max-width: 1024px) 100vw, 1024px\" \/><\/p>\n<p><span style=\"font-weight: 400;\">Els alumnes i les alumnes de 2n estem fent un projecte sobre \u201cEl misteri del temps\u201d, per aix\u00f2 hem convidat a alguns\/es avis i \u00e0vies de la classe perqu\u00e8 ens expliquin coses de quan eren petits i petites. Hem descobert com era l\u2019escola abans, que moltes joguines les fabricaven ells i elles, que a les cases ho tenien llum ni aigua\u2026 Per\u00f2 el que m\u00e9s ens ha sorpr\u00e8s \u00e9s que vivien sense pantalles ni internet.<\/span><\/p>\n<p><span style=\"font-weight: 400;\">GR\u00c0CIES CARI, JUAN I MARI SOL !!<\/span><\/p>\n<p><a href=\"https:\/\/photos.app.goo.gl\/ZBudGg2n3e5GkDzw6\">\u00c0lbum de fotos<\/a><\/p>\n","protected":false},"excerpt":{"rendered":"<p>Els alumnes i les alumnes de 2n estem fent un projecte sobre \u201cEl misteri del temps\u201d, per aix\u00f2 hem convidat a alguns\/es avis i \u00e0vies de la classe perqu\u00e8 ens expliquin coses de quan eren petits i petites. Hem descobert com era l\u2019escola abans, que&hellip;  <a href=\"https:\/\/agora.xtec.cat\/ceipgranullarius\/general\/avis\/\" title=\"Read ELS AVIS I \u00c0VIES DE 2N ENS PARLEN DE LA SEVA INF\u00c0NCIA\">Llegeix m\u00e9s\u00bb<\/a><\/p>\n","protected":false},"author":1,"featured_media":0,"comment_status":"open","ping_status":"closed","sticky":false,"template":"","format":"standard","meta":{"_bbp_topic_count":0,"_bbp_reply_count":0,"_bbp_total_topic_count":0,"_bbp_total_reply_count":0,"_bbp_voice_count":0,"_bbp_anonymous_reply_count":0,"_bbp_topic_count_hidden":0,"_bbp_reply_count_hidden":0,"_bbp_forum_subforum_count":0,"footnotes":""},"categories":[11,1,4],"tags":[],"class_list":["post-3376","post","type-post","status-publish","format-standard","hentry","category-2n","category-general","category-portada"],"post_mailing_queue_ids":[],"_links":{"self":[{"href":"https:\/\/agora.xtec.cat\/ceipgranullarius\/wp-json\/wp\/v2\/posts\/3376","targetHints":{"allow":["GET"]}}],"collection":[{"href":"https:\/\/agora.xtec.cat\/ceipgranullarius\/wp-json\/wp\/v2\/posts"}],"about":[{"href":"https:\/\/agora.xtec.cat\/ceipgranullarius\/wp-json\/wp\/v2\/types\/post"}],"author":[{"embeddable":true,"href":"https:\/\/agora.xtec.cat\/ceipgranullarius\/wp-json\/wp\/v2\/users\/1"}],"replies":[{"embeddable":true,"href":"https:\/\/agora.xtec.cat\/ceipgranullarius\/wp-json\/wp\/v2\/comments?post=3376"}],"version-history":[{"count":2,"href":"https:\/\/agora.xtec.cat\/ceipgranullarius\/wp-json\/wp\/v2\/posts\/3376\/revisions"}],"predecessor-version":[{"id":3380,"href":"https:\/\/agora.xtec.cat\/ceipgranullarius\/wp-json\/wp\/v2\/posts\/3376\/revisions\/3380"}],"wp:attachment":[{"href":"https:\/\/agora.xtec.cat\/ceipgranullarius\/wp-json\/wp\/v2\/media?parent=3376"}],"wp:term":[{"taxonomy":"category","embeddable":true,"href":"https:\/\/agora.xtec.cat\/ceipgranullarius\/wp-json\/wp\/v2\/categories?post=3376"},{"taxonomy":"post_tag","embeddable":true,"href":"https:\/\/agora.xtec.cat\/ceipgranullarius\/wp-json\/wp\/v2\/tags?post=3376"}],"curies":[{"name":"wp","href":"https:\/\/api.w.org\/{rel}","templated":true}]}}