{"id":3292,"date":"2022-12-18T20:36:48","date_gmt":"2022-12-18T19:36:48","guid":{"rendered":"https:\/\/agora.xtec.cat\/ceipgranullarius\/?p=3292"},"modified":"2023-02-13T19:16:38","modified_gmt":"2023-02-13T18:16:38","slug":"projecte-pas-del-temps-a-2n","status":"publish","type":"post","link":"https:\/\/agora.xtec.cat\/ceipgranullarius\/general\/projecte-pas-del-temps-a-2n\/","title":{"rendered":"PROJECTE PAS DEL TEMPS A 2n"},"content":{"rendered":"<p><a href=\"https:\/\/agora.xtec.cat\/ceipgranullarius\/wp-content\/uploads\/usu769\/2022\/12\/0.Portada.jpg\"><img loading=\"lazy\" decoding=\"async\" class=\"aligncenter size-large wp-image-3293\" src=\"https:\/\/agora.xtec.cat\/ceipgranullarius\/wp-content\/uploads\/usu769\/2022\/12\/0.Portada-1024x768.jpg\" alt=\"\" width=\"1024\" height=\"768\" srcset=\"https:\/\/agora.xtec.cat\/ceipgranullarius\/wp-content\/uploads\/usu769\/2022\/12\/0.Portada-1024x768.jpg 1024w, https:\/\/agora.xtec.cat\/ceipgranullarius\/wp-content\/uploads\/usu769\/2022\/12\/0.Portada-300x225.jpg 300w, https:\/\/agora.xtec.cat\/ceipgranullarius\/wp-content\/uploads\/usu769\/2022\/12\/0.Portada-768x576.jpg 768w, https:\/\/agora.xtec.cat\/ceipgranullarius\/wp-content\/uploads\/usu769\/2022\/12\/0.Portada-200x150.jpg 200w, https:\/\/agora.xtec.cat\/ceipgranullarius\/wp-content\/uploads\/usu769\/2022\/12\/0.Portada.jpg 1104w\" sizes=\"auto, (max-width: 1024px) 100vw, 1024px\" \/><br \/>\n<\/a><span style=\"font-weight: 400;\">Els nens i les nenes de 2n ens organitzem i treballem en grup el projecte \u201cEl pas del temps\u201d.\u00a0<\/span><\/p>\n<p><span style=\"font-weight: 400;\">Compartim informaci\u00f3 i fem recerca a l\u2019aula.\u00a0<\/span><\/p>\n<p><span style=\"font-weight: 400;\">Els nostres avis i \u00e0vies han vingut a visitar-nos i ens han explicat les seves experi\u00e8ncies i moltes coses m\u00e9s.<\/span><\/p>\n<p><span style=\"font-weight: 400;\">Ens ho hem passat molt b\u00e9.<\/span><\/p>\n<p><a href=\"https:\/\/photos.app.goo.gl\/gPvpBfwYK7prgNLC8\">\u00c0lbum de fotos<\/a><\/p>\n<p>&nbsp;<\/p>\n","protected":false},"excerpt":{"rendered":"<p><a href=\"https:\/\/agora.xtec.cat\/ceipgranullarius\/wp-content\/uploads\/usu769\/2022\/12\/0.Portada.jpg\"><br \/>\n<\/a>Els nens i les nenes de 2n ens organitzem i treballem en grup el projecte \u201cEl pas del temps\u201d.\u00a0<br \/>\nCompartim informaci\u00f3 i fem recerca a l\u2019aula.\u00a0<br \/>\nEls nostres avis i \u00e0vies han vingut a visitar-nos i ens han explicat les seves experi\u00e8ncies i moltes coses m\u00e9s.<br \/>\nEns&hellip;  <a href=\"https:\/\/agora.xtec.cat\/ceipgranullarius\/general\/projecte-pas-del-temps-a-2n\/\" title=\"Read PROJECTE PAS DEL TEMPS A 2n\">Llegeix m\u00e9s\u00bb<\/a><\/p>\n","protected":false},"author":1,"featured_media":0,"comment_status":"closed","ping_status":"closed","sticky":false,"template":"","format":"standard","meta":{"_bbp_topic_count":0,"_bbp_reply_count":0,"_bbp_total_topic_count":0,"_bbp_total_reply_count":0,"_bbp_voice_count":0,"_bbp_anonymous_reply_count":0,"_bbp_topic_count_hidden":0,"_bbp_reply_count_hidden":0,"_bbp_forum_subforum_count":0,"footnotes":""},"categories":[11,1,4],"tags":[],"class_list":["post-3292","post","type-post","status-publish","format-standard","hentry","category-2n","category-general","category-portada"],"post_mailing_queue_ids":[],"_links":{"self":[{"href":"https:\/\/agora.xtec.cat\/ceipgranullarius\/wp-json\/wp\/v2\/posts\/3292","targetHints":{"allow":["GET"]}}],"collection":[{"href":"https:\/\/agora.xtec.cat\/ceipgranullarius\/wp-json\/wp\/v2\/posts"}],"about":[{"href":"https:\/\/agora.xtec.cat\/ceipgranullarius\/wp-json\/wp\/v2\/types\/post"}],"author":[{"embeddable":true,"href":"https:\/\/agora.xtec.cat\/ceipgranullarius\/wp-json\/wp\/v2\/users\/1"}],"replies":[{"embeddable":true,"href":"https:\/\/agora.xtec.cat\/ceipgranullarius\/wp-json\/wp\/v2\/comments?post=3292"}],"version-history":[{"count":2,"href":"https:\/\/agora.xtec.cat\/ceipgranullarius\/wp-json\/wp\/v2\/posts\/3292\/revisions"}],"predecessor-version":[{"id":3382,"href":"https:\/\/agora.xtec.cat\/ceipgranullarius\/wp-json\/wp\/v2\/posts\/3292\/revisions\/3382"}],"wp:attachment":[{"href":"https:\/\/agora.xtec.cat\/ceipgranullarius\/wp-json\/wp\/v2\/media?parent=3292"}],"wp:term":[{"taxonomy":"category","embeddable":true,"href":"https:\/\/agora.xtec.cat\/ceipgranullarius\/wp-json\/wp\/v2\/categories?post=3292"},{"taxonomy":"post_tag","embeddable":true,"href":"https:\/\/agora.xtec.cat\/ceipgranullarius\/wp-json\/wp\/v2\/tags?post=3292"}],"curies":[{"name":"wp","href":"https:\/\/api.w.org\/{rel}","templated":true}]}}