{"id":3264,"date":"2022-11-21T10:33:39","date_gmt":"2022-11-21T09:33:39","guid":{"rendered":"https:\/\/agora.xtec.cat\/ceipgranullarius\/?p=3264"},"modified":"2023-06-05T17:59:13","modified_gmt":"2023-06-05T15:59:13","slug":"celebrem-la-castanyada","status":"publish","type":"post","link":"https:\/\/agora.xtec.cat\/ceipgranullarius\/educacio-infantil\/celebrem-la-castanyada\/","title":{"rendered":"CELEBREM LA CASTANYADA!"},"content":{"rendered":"<p><a href=\"https:\/\/agora.xtec.cat\/ceipgranullarius\/wp-content\/uploads\/usu769\/2022\/11\/1666973541955-2.jpg\"><img loading=\"lazy\" decoding=\"async\" class=\"aligncenter size-medium wp-image-3265\" src=\"https:\/\/agora.xtec.cat\/ceipgranullarius\/wp-content\/uploads\/usu769\/2022\/11\/1666973541955-2-300x225.jpg\" alt=\"\" width=\"300\" height=\"225\" srcset=\"https:\/\/agora.xtec.cat\/ceipgranullarius\/wp-content\/uploads\/usu769\/2022\/11\/1666973541955-2-300x225.jpg 300w, https:\/\/agora.xtec.cat\/ceipgranullarius\/wp-content\/uploads\/usu769\/2022\/11\/1666973541955-2-1024x768.jpg 1024w, https:\/\/agora.xtec.cat\/ceipgranullarius\/wp-content\/uploads\/usu769\/2022\/11\/1666973541955-2-768x576.jpg 768w, https:\/\/agora.xtec.cat\/ceipgranullarius\/wp-content\/uploads\/usu769\/2022\/11\/1666973541955-2-1536x1152.jpg 1536w, https:\/\/agora.xtec.cat\/ceipgranullarius\/wp-content\/uploads\/usu769\/2022\/11\/1666973541955-2-200x150.jpg 200w, https:\/\/agora.xtec.cat\/ceipgranullarius\/wp-content\/uploads\/usu769\/2022\/11\/1666973541955-2.jpg 2000w\" sizes=\"auto, (max-width: 300px) 100vw, 300px\" \/><\/a><\/p>\n<p>Hem celebrat la castanyada amb un munt d&#8217;activitats i ho hem passat d&#8217;all\u00f2 m\u00e9s b\u00e9!<\/p>\n<p>Hem vist obres de teatre fetes pels companys i companyes de 6\u00e8, a cicle superior hem ajudat a infantil a preparar la festa, ens ha vingut a veure la castanyera i\u00a0 hem cantat, ballat i menjat unes castanyes bon\u00edssimes que ens ha regalat l&#8217;AMPA de l&#8217;escola. Ha estat un dia fant\u00e0stic!<\/p>\n<p><a href=\"https:\/\/photos.app.goo.gl\/vqNRSCLJ19ELT8Sy5\">\u00c0lbum de fotos<\/a><\/p>\n<p><a href=\"https:\/\/photos.app.goo.gl\/tuh81ofX98ksbqwcA\">Veure v\u00eddeos dels balls<\/a><\/p>\n","protected":false},"excerpt":{"rendered":"<p><a href=\"https:\/\/agora.xtec.cat\/ceipgranullarius\/wp-content\/uploads\/usu769\/2022\/11\/1666973541955-2.jpg\"><\/a><br \/>\nHem celebrat la castanyada amb un munt d&#8217;activitats i ho hem passat d&#8217;all\u00f2 m\u00e9s b\u00e9!<br \/>\nHem vist obres de teatre fetes pels companys i companyes de 6\u00e8, a cicle superior hem ajudat a infantil a preparar la festa, ens ha vingut a veure la castanyera&hellip;  <a href=\"https:\/\/agora.xtec.cat\/ceipgranullarius\/educacio-infantil\/celebrem-la-castanyada\/\" title=\"Read CELEBREM LA CASTANYADA!\">Llegeix m\u00e9s\u00bb<\/a><\/p>\n","protected":false},"author":1,"featured_media":0,"comment_status":"closed","ping_status":"closed","sticky":false,"template":"","format":"standard","meta":{"_bbp_topic_count":0,"_bbp_reply_count":0,"_bbp_total_topic_count":0,"_bbp_total_reply_count":0,"_bbp_voice_count":0,"_bbp_anonymous_reply_count":0,"_bbp_topic_count_hidden":0,"_bbp_reply_count_hidden":0,"_bbp_forum_subforum_count":0,"footnotes":""},"categories":[10,11,12,13,14,15,7,2,3,8,9,4],"tags":[],"class_list":["post-3264","post","type-post","status-publish","format-standard","hentry","category-1r","category-2n","category-3r","category-4t","category-5e","category-6e","category-ampa","category-educacio-infantil","category-i3","category-i4","category-i5","category-portada"],"post_mailing_queue_ids":[],"_links":{"self":[{"href":"https:\/\/agora.xtec.cat\/ceipgranullarius\/wp-json\/wp\/v2\/posts\/3264","targetHints":{"allow":["GET"]}}],"collection":[{"href":"https:\/\/agora.xtec.cat\/ceipgranullarius\/wp-json\/wp\/v2\/posts"}],"about":[{"href":"https:\/\/agora.xtec.cat\/ceipgranullarius\/wp-json\/wp\/v2\/types\/post"}],"author":[{"embeddable":true,"href":"https:\/\/agora.xtec.cat\/ceipgranullarius\/wp-json\/wp\/v2\/users\/1"}],"replies":[{"embeddable":true,"href":"https:\/\/agora.xtec.cat\/ceipgranullarius\/wp-json\/wp\/v2\/comments?post=3264"}],"version-history":[{"count":2,"href":"https:\/\/agora.xtec.cat\/ceipgranullarius\/wp-json\/wp\/v2\/posts\/3264\/revisions"}],"predecessor-version":[{"id":3270,"href":"https:\/\/agora.xtec.cat\/ceipgranullarius\/wp-json\/wp\/v2\/posts\/3264\/revisions\/3270"}],"wp:attachment":[{"href":"https:\/\/agora.xtec.cat\/ceipgranullarius\/wp-json\/wp\/v2\/media?parent=3264"}],"wp:term":[{"taxonomy":"category","embeddable":true,"href":"https:\/\/agora.xtec.cat\/ceipgranullarius\/wp-json\/wp\/v2\/categories?post=3264"},{"taxonomy":"post_tag","embeddable":true,"href":"https:\/\/agora.xtec.cat\/ceipgranullarius\/wp-json\/wp\/v2\/tags?post=3264"}],"curies":[{"name":"wp","href":"https:\/\/api.w.org\/{rel}","templated":true}]}}