{"id":3261,"date":"2022-11-21T10:07:59","date_gmt":"2022-11-21T09:07:59","guid":{"rendered":"https:\/\/agora.xtec.cat\/ceipgranullarius\/?p=3261"},"modified":"2023-06-05T17:58:50","modified_gmt":"2023-06-05T15:58:50","slug":"1a-ronda-de-tallers-de-plastica-a-cicle-superior","status":"publish","type":"post","link":"https:\/\/agora.xtec.cat\/ceipgranullarius\/portada\/1a-ronda-de-tallers-de-plastica-a-cicle-superior\/","title":{"rendered":"1\u00aa Ronda de tallers de pl\u00e0stica a Cicle Superior"},"content":{"rendered":"<p><a href=\"https:\/\/agora.xtec.cat\/ceipgranullarius\/wp-content\/uploads\/usu769\/2022\/11\/0.-Portada-3-1.jpg\"><img loading=\"lazy\" decoding=\"async\" class=\"aligncenter size-medium wp-image-3262\" src=\"https:\/\/agora.xtec.cat\/ceipgranullarius\/wp-content\/uploads\/usu769\/2022\/11\/0.-Portada-3-1-300x225.jpg\" alt=\"\" width=\"300\" height=\"225\" srcset=\"https:\/\/agora.xtec.cat\/ceipgranullarius\/wp-content\/uploads\/usu769\/2022\/11\/0.-Portada-3-1-300x225.jpg 300w, https:\/\/agora.xtec.cat\/ceipgranullarius\/wp-content\/uploads\/usu769\/2022\/11\/0.-Portada-3-1-1024x768.jpg 1024w, https:\/\/agora.xtec.cat\/ceipgranullarius\/wp-content\/uploads\/usu769\/2022\/11\/0.-Portada-3-1-768x576.jpg 768w, https:\/\/agora.xtec.cat\/ceipgranullarius\/wp-content\/uploads\/usu769\/2022\/11\/0.-Portada-3-1-1536x1152.jpg 1536w, https:\/\/agora.xtec.cat\/ceipgranullarius\/wp-content\/uploads\/usu769\/2022\/11\/0.-Portada-3-1-200x150.jpg 200w, https:\/\/agora.xtec.cat\/ceipgranullarius\/wp-content\/uploads\/usu769\/2022\/11\/0.-Portada-3-1.jpg 2016w\" sizes=\"auto, (max-width: 300px) 100vw, 300px\" \/><\/a><\/p>\n<p><span style=\"font-weight: 400;\">L\u2019alumnat de 5\u00e8 i 6\u00e8 hem acabat la primera ronda de tallers de pl\u00e0stica.\u00a0<\/span><\/p>\n<p><span style=\"font-weight: 400;\">Durant 4 sessions hem tingut l\u2019oportunitat de treballar amb grups intercicle i a cada taller hem fet una activitat diferent: el retrat, Op-Art, manualitats relacionades amb els esports dels noms de les classes, taller de Canva, preparaci\u00f3 de decorats i <\/span><i><span style=\"font-weight: 400;\">attrezzo<\/span><\/i><span style=\"font-weight: 400;\"> per les obres de teatre de l\u2019escola i un collage col\u00b7laboratiu en format puzle.<\/span><\/p>\n<p><span style=\"font-weight: 400;\">Ens han agradat molt les diferents propostes i ja tenim ganes de comen\u00e7ar el seg\u00fcent taller!<\/span><\/p>\n<p><a href=\"https:\/\/photos.app.goo.gl\/DoP4Rfw73cbXrHXG9\">\u00c0lbum de fotos<\/a><\/p>\n","protected":false},"excerpt":{"rendered":"<p><a href=\"https:\/\/agora.xtec.cat\/ceipgranullarius\/wp-content\/uploads\/usu769\/2022\/11\/0.-Portada-3-1.jpg\"><\/a><br \/>\nL\u2019alumnat de 5\u00e8 i 6\u00e8 hem acabat la primera ronda de tallers de pl\u00e0stica.\u00a0<br \/>\nDurant 4 sessions hem tingut l\u2019oportunitat de treballar amb grups intercicle i a cada taller hem fet una activitat diferent: el retrat, Op-Art, manualitats relacionades amb els esports dels noms de&hellip;  <a href=\"https:\/\/agora.xtec.cat\/ceipgranullarius\/portada\/1a-ronda-de-tallers-de-plastica-a-cicle-superior\/\" title=\"Read 1\u00aa Ronda de tallers de pl\u00e0stica a Cicle Superior\">Llegeix m\u00e9s\u00bb<\/a><\/p>\n","protected":false},"author":1,"featured_media":0,"comment_status":"closed","ping_status":"closed","sticky":false,"template":"","format":"standard","meta":{"_bbp_topic_count":0,"_bbp_reply_count":0,"_bbp_total_topic_count":0,"_bbp_total_reply_count":0,"_bbp_voice_count":0,"_bbp_anonymous_reply_count":0,"_bbp_topic_count_hidden":0,"_bbp_reply_count_hidden":0,"_bbp_forum_subforum_count":0,"footnotes":""},"categories":[14,15,4],"tags":[],"class_list":["post-3261","post","type-post","status-publish","format-standard","hentry","category-5e","category-6e","category-portada"],"post_mailing_queue_ids":[],"_links":{"self":[{"href":"https:\/\/agora.xtec.cat\/ceipgranullarius\/wp-json\/wp\/v2\/posts\/3261","targetHints":{"allow":["GET"]}}],"collection":[{"href":"https:\/\/agora.xtec.cat\/ceipgranullarius\/wp-json\/wp\/v2\/posts"}],"about":[{"href":"https:\/\/agora.xtec.cat\/ceipgranullarius\/wp-json\/wp\/v2\/types\/post"}],"author":[{"embeddable":true,"href":"https:\/\/agora.xtec.cat\/ceipgranullarius\/wp-json\/wp\/v2\/users\/1"}],"replies":[{"embeddable":true,"href":"https:\/\/agora.xtec.cat\/ceipgranullarius\/wp-json\/wp\/v2\/comments?post=3261"}],"version-history":[{"count":1,"href":"https:\/\/agora.xtec.cat\/ceipgranullarius\/wp-json\/wp\/v2\/posts\/3261\/revisions"}],"predecessor-version":[{"id":3263,"href":"https:\/\/agora.xtec.cat\/ceipgranullarius\/wp-json\/wp\/v2\/posts\/3261\/revisions\/3263"}],"wp:attachment":[{"href":"https:\/\/agora.xtec.cat\/ceipgranullarius\/wp-json\/wp\/v2\/media?parent=3261"}],"wp:term":[{"taxonomy":"category","embeddable":true,"href":"https:\/\/agora.xtec.cat\/ceipgranullarius\/wp-json\/wp\/v2\/categories?post=3261"},{"taxonomy":"post_tag","embeddable":true,"href":"https:\/\/agora.xtec.cat\/ceipgranullarius\/wp-json\/wp\/v2\/tags?post=3261"}],"curies":[{"name":"wp","href":"https:\/\/api.w.org\/{rel}","templated":true}]}}