{"id":3254,"date":"2022-11-21T09:50:17","date_gmt":"2022-11-21T08:50:17","guid":{"rendered":"https:\/\/agora.xtec.cat\/ceipgranullarius\/?p=3254"},"modified":"2022-11-21T09:50:17","modified_gmt":"2022-11-21T08:50:17","slug":"5e-visita-el-museu-dhistoria-de-catalunya","status":"publish","type":"post","link":"https:\/\/agora.xtec.cat\/ceipgranullarius\/portada\/5e-visita-el-museu-dhistoria-de-catalunya\/","title":{"rendered":"5\u00e8 visita el Museu d\u2019Hist\u00f2ria de Catalunya"},"content":{"rendered":"<p><a href=\"https:\/\/agora.xtec.cat\/ceipgranullarius\/wp-content\/uploads\/usu769\/2022\/11\/1PORTADA-1.jpg\"><img loading=\"lazy\" decoding=\"async\" class=\"aligncenter size-medium wp-image-3255\" src=\"https:\/\/agora.xtec.cat\/ceipgranullarius\/wp-content\/uploads\/usu769\/2022\/11\/1PORTADA-1-300x225.jpg\" alt=\"\" width=\"300\" height=\"225\" srcset=\"https:\/\/agora.xtec.cat\/ceipgranullarius\/wp-content\/uploads\/usu769\/2022\/11\/1PORTADA-1-300x225.jpg 300w, https:\/\/agora.xtec.cat\/ceipgranullarius\/wp-content\/uploads\/usu769\/2022\/11\/1PORTADA-1-1024x768.jpg 1024w, https:\/\/agora.xtec.cat\/ceipgranullarius\/wp-content\/uploads\/usu769\/2022\/11\/1PORTADA-1-768x576.jpg 768w, https:\/\/agora.xtec.cat\/ceipgranullarius\/wp-content\/uploads\/usu769\/2022\/11\/1PORTADA-1-1536x1152.jpg 1536w, https:\/\/agora.xtec.cat\/ceipgranullarius\/wp-content\/uploads\/usu769\/2022\/11\/1PORTADA-1-200x150.jpg 200w, https:\/\/agora.xtec.cat\/ceipgranullarius\/wp-content\/uploads\/usu769\/2022\/11\/1PORTADA-1.jpg 2000w\" sizes=\"auto, (max-width: 300px) 100vw, 300px\" \/><\/a><\/p>\n<p><span style=\"font-weight: 400;\">Dimarts 8 de novembre els i les alumnes de 5\u00e8 ens hem transportat al passat i hem viatjat per les diferents etapes de la hist\u00f2ria a trav\u00e9s de l\u2019evoluci\u00f3 dels habitatges i la vida quotidiana de cada \u00e8poca.\u00a0<\/span><\/p>\n<p><span style=\"font-weight: 400;\">Ha estat una experi\u00e8ncia molt enriquidora que ens ha perm\u00e8s consolidar i ampliar el coneixement sobre les primeres etapes de la hist\u00f2ria que estem treballant a Projectes d\u2019una manera molt vivencial.\u00a0<\/span><\/p>\n<p><span style=\"font-weight: 400;\">En finalitzar la visita al museu hem anat a dinar al parc de la Ciutadella.<\/span><\/p>\n<p><a href=\"https:\/\/photos.app.goo.gl\/twvHBh6PoF1DJE4T8\">\u00c0lbum de fotos<\/a><\/p>\n<p>&nbsp;<\/p>\n","protected":false},"excerpt":{"rendered":"<p><a href=\"https:\/\/agora.xtec.cat\/ceipgranullarius\/wp-content\/uploads\/usu769\/2022\/11\/1PORTADA-1.jpg\"><\/a><br \/>\nDimarts 8 de novembre els i les alumnes de 5\u00e8 ens hem transportat al passat i hem viatjat per les diferents etapes de la hist\u00f2ria a trav\u00e9s de l\u2019evoluci\u00f3 dels habitatges i la vida quotidiana de cada \u00e8poca.\u00a0<br \/>\nHa estat una experi\u00e8ncia molt enriquidora que&hellip;  <a href=\"https:\/\/agora.xtec.cat\/ceipgranullarius\/portada\/5e-visita-el-museu-dhistoria-de-catalunya\/\" title=\"Read 5\u00e8 visita el Museu d\u2019Hist\u00f2ria de Catalunya\">Llegeix m\u00e9s\u00bb<\/a><\/p>\n","protected":false},"author":1,"featured_media":0,"comment_status":"closed","ping_status":"closed","sticky":false,"template":"","format":"standard","meta":{"_bbp_topic_count":0,"_bbp_reply_count":0,"_bbp_total_topic_count":0,"_bbp_total_reply_count":0,"_bbp_voice_count":0,"_bbp_anonymous_reply_count":0,"_bbp_topic_count_hidden":0,"_bbp_reply_count_hidden":0,"_bbp_forum_subforum_count":0,"footnotes":""},"categories":[14,4],"tags":[],"class_list":["post-3254","post","type-post","status-publish","format-standard","hentry","category-5e","category-portada"],"post_mailing_queue_ids":[],"_links":{"self":[{"href":"https:\/\/agora.xtec.cat\/ceipgranullarius\/wp-json\/wp\/v2\/posts\/3254","targetHints":{"allow":["GET"]}}],"collection":[{"href":"https:\/\/agora.xtec.cat\/ceipgranullarius\/wp-json\/wp\/v2\/posts"}],"about":[{"href":"https:\/\/agora.xtec.cat\/ceipgranullarius\/wp-json\/wp\/v2\/types\/post"}],"author":[{"embeddable":true,"href":"https:\/\/agora.xtec.cat\/ceipgranullarius\/wp-json\/wp\/v2\/users\/1"}],"replies":[{"embeddable":true,"href":"https:\/\/agora.xtec.cat\/ceipgranullarius\/wp-json\/wp\/v2\/comments?post=3254"}],"version-history":[{"count":1,"href":"https:\/\/agora.xtec.cat\/ceipgranullarius\/wp-json\/wp\/v2\/posts\/3254\/revisions"}],"predecessor-version":[{"id":3256,"href":"https:\/\/agora.xtec.cat\/ceipgranullarius\/wp-json\/wp\/v2\/posts\/3254\/revisions\/3256"}],"wp:attachment":[{"href":"https:\/\/agora.xtec.cat\/ceipgranullarius\/wp-json\/wp\/v2\/media?parent=3254"}],"wp:term":[{"taxonomy":"category","embeddable":true,"href":"https:\/\/agora.xtec.cat\/ceipgranullarius\/wp-json\/wp\/v2\/categories?post=3254"},{"taxonomy":"post_tag","embeddable":true,"href":"https:\/\/agora.xtec.cat\/ceipgranullarius\/wp-json\/wp\/v2\/tags?post=3254"}],"curies":[{"name":"wp","href":"https:\/\/api.w.org\/{rel}","templated":true}]}}