{"id":3249,"date":"2022-11-21T09:44:43","date_gmt":"2022-11-21T08:44:43","guid":{"rendered":"https:\/\/agora.xtec.cat\/ceipgranullarius\/?p=3249"},"modified":"2022-11-21T09:44:54","modified_gmt":"2022-11-21T08:44:54","slug":"racons-matematics-a-6e","status":"publish","type":"post","link":"https:\/\/agora.xtec.cat\/ceipgranullarius\/portada\/racons-matematics-a-6e\/","title":{"rendered":"Racons matem\u00e0tics a 5\u00e8"},"content":{"rendered":"<p><a href=\"https:\/\/agora.xtec.cat\/ceipgranullarius\/wp-content\/uploads\/usu769\/2022\/11\/PORTADA-2-1-1.jpg\"><img loading=\"lazy\" decoding=\"async\" class=\"aligncenter size-medium wp-image-3250\" src=\"https:\/\/agora.xtec.cat\/ceipgranullarius\/wp-content\/uploads\/usu769\/2022\/11\/PORTADA-2-1-1-300x225.jpg\" alt=\"\" width=\"300\" height=\"225\" srcset=\"https:\/\/agora.xtec.cat\/ceipgranullarius\/wp-content\/uploads\/usu769\/2022\/11\/PORTADA-2-1-1-300x225.jpg 300w, https:\/\/agora.xtec.cat\/ceipgranullarius\/wp-content\/uploads\/usu769\/2022\/11\/PORTADA-2-1-1-1024x768.jpg 1024w, https:\/\/agora.xtec.cat\/ceipgranullarius\/wp-content\/uploads\/usu769\/2022\/11\/PORTADA-2-1-1-768x576.jpg 768w, https:\/\/agora.xtec.cat\/ceipgranullarius\/wp-content\/uploads\/usu769\/2022\/11\/PORTADA-2-1-1-1536x1152.jpg 1536w, https:\/\/agora.xtec.cat\/ceipgranullarius\/wp-content\/uploads\/usu769\/2022\/11\/PORTADA-2-1-1-200x150.jpg 200w, https:\/\/agora.xtec.cat\/ceipgranullarius\/wp-content\/uploads\/usu769\/2022\/11\/PORTADA-2-1-1.jpg 2000w\" sizes=\"auto, (max-width: 300px) 100vw, 300px\" \/><\/a><\/p>\n<p><span style=\"font-weight: 400;\">Sabr\u00edeu dir quin \u00e9s el n\u00famero amb m\u00e9s probabilitats de sortir en llen\u00e7ar dos daus? Coneixeu l\u2019Home de Vitruvi i quines s\u00f3n les proporcions ideals del cos hum\u00e0 segons <\/span><span style=\"font-weight: 400;\">Leonardo da Vinci? Podr\u00edeu dir una manera de treballar el c\u00e0lcul a partir d\u2019una cursa num\u00e8rica?\u00a0<\/span><\/p>\n<p><span style=\"font-weight: 400;\">NO??? Doncs nosaltres s\u00ed! I tot gr\u00e0cies als racons matem\u00e0tics!<\/span><\/p>\n<p><span style=\"font-weight: 400;\">Aquest curs els fem tot l\u2019alumnat de 5\u00e8 alhora i amb el suport de tres mestres. S\u2019han organitzat 6 racons rotatius on treballem, a partir de reptes o activitats que hem de resoldre col\u00b7laborativament, c\u00e0lcul, mesura, estad\u00edstica i atzar, resoluci\u00f3 de problemes, percepci\u00f3 i orientaci\u00f3 espacial i construccions.<\/span><\/p>\n<p><span style=\"font-weight: 400;\">I sabeu qu\u00e8? Ens encanta<\/span><\/p>\n<p><a href=\"https:\/\/photos.app.goo.gl\/e1pD2NCpv26QQU9LA\">\u00c0lbum de fotos<\/a><\/p>\n","protected":false},"excerpt":{"rendered":"<p><a href=\"https:\/\/agora.xtec.cat\/ceipgranullarius\/wp-content\/uploads\/usu769\/2022\/11\/PORTADA-2-1-1.jpg\"><\/a><br \/>\nSabr\u00edeu dir quin \u00e9s el n\u00famero amb m\u00e9s probabilitats de sortir en llen\u00e7ar dos daus? Coneixeu l\u2019Home de Vitruvi i quines s\u00f3n les proporcions ideals del cos hum\u00e0 segons Leonardo da Vinci? Podr\u00edeu dir una manera de treballar el c\u00e0lcul a partir d\u2019una cursa&hellip;  <a href=\"https:\/\/agora.xtec.cat\/ceipgranullarius\/portada\/racons-matematics-a-6e\/\" title=\"Read Racons matem\u00e0tics a 5\u00e8\">Llegeix m\u00e9s\u00bb<\/a><\/p>\n","protected":false},"author":1,"featured_media":0,"comment_status":"closed","ping_status":"closed","sticky":false,"template":"","format":"standard","meta":{"_bbp_topic_count":0,"_bbp_reply_count":0,"_bbp_total_topic_count":0,"_bbp_total_reply_count":0,"_bbp_voice_count":0,"_bbp_anonymous_reply_count":0,"_bbp_topic_count_hidden":0,"_bbp_reply_count_hidden":0,"_bbp_forum_subforum_count":0,"footnotes":""},"categories":[14,4],"tags":[],"class_list":["post-3249","post","type-post","status-publish","format-standard","hentry","category-5e","category-portada"],"post_mailing_queue_ids":[],"_links":{"self":[{"href":"https:\/\/agora.xtec.cat\/ceipgranullarius\/wp-json\/wp\/v2\/posts\/3249","targetHints":{"allow":["GET"]}}],"collection":[{"href":"https:\/\/agora.xtec.cat\/ceipgranullarius\/wp-json\/wp\/v2\/posts"}],"about":[{"href":"https:\/\/agora.xtec.cat\/ceipgranullarius\/wp-json\/wp\/v2\/types\/post"}],"author":[{"embeddable":true,"href":"https:\/\/agora.xtec.cat\/ceipgranullarius\/wp-json\/wp\/v2\/users\/1"}],"replies":[{"embeddable":true,"href":"https:\/\/agora.xtec.cat\/ceipgranullarius\/wp-json\/wp\/v2\/comments?post=3249"}],"version-history":[{"count":3,"href":"https:\/\/agora.xtec.cat\/ceipgranullarius\/wp-json\/wp\/v2\/posts\/3249\/revisions"}],"predecessor-version":[{"id":3253,"href":"https:\/\/agora.xtec.cat\/ceipgranullarius\/wp-json\/wp\/v2\/posts\/3249\/revisions\/3253"}],"wp:attachment":[{"href":"https:\/\/agora.xtec.cat\/ceipgranullarius\/wp-json\/wp\/v2\/media?parent=3249"}],"wp:term":[{"taxonomy":"category","embeddable":true,"href":"https:\/\/agora.xtec.cat\/ceipgranullarius\/wp-json\/wp\/v2\/categories?post=3249"},{"taxonomy":"post_tag","embeddable":true,"href":"https:\/\/agora.xtec.cat\/ceipgranullarius\/wp-json\/wp\/v2\/tags?post=3249"}],"curies":[{"name":"wp","href":"https:\/\/api.w.org\/{rel}","templated":true}]}}