{"id":3245,"date":"2022-11-21T09:37:32","date_gmt":"2022-11-21T08:37:32","guid":{"rendered":"https:\/\/agora.xtec.cat\/ceipgranullarius\/?p=3245"},"modified":"2022-11-21T09:37:35","modified_gmt":"2022-11-21T08:37:35","slug":"a-5e-som-padrines-i-padrins-lectors","status":"publish","type":"post","link":"https:\/\/agora.xtec.cat\/ceipgranullarius\/portada\/a-5e-som-padrines-i-padrins-lectors\/","title":{"rendered":"A 5\u00e8 SOM\u2026 PADRINES I  PADRINS LECTORS!"},"content":{"rendered":"<p><a href=\"https:\/\/agora.xtec.cat\/ceipgranullarius\/wp-content\/uploads\/usu769\/2022\/11\/PORTADA-1-1.jpg\"><img loading=\"lazy\" decoding=\"async\" class=\"aligncenter size-medium wp-image-3246\" src=\"https:\/\/agora.xtec.cat\/ceipgranullarius\/wp-content\/uploads\/usu769\/2022\/11\/PORTADA-1-1-300x225.jpg\" alt=\"\" width=\"300\" height=\"225\" srcset=\"https:\/\/agora.xtec.cat\/ceipgranullarius\/wp-content\/uploads\/usu769\/2022\/11\/PORTADA-1-1-300x225.jpg 300w, https:\/\/agora.xtec.cat\/ceipgranullarius\/wp-content\/uploads\/usu769\/2022\/11\/PORTADA-1-1-1024x768.jpg 1024w, https:\/\/agora.xtec.cat\/ceipgranullarius\/wp-content\/uploads\/usu769\/2022\/11\/PORTADA-1-1-768x576.jpg 768w, https:\/\/agora.xtec.cat\/ceipgranullarius\/wp-content\/uploads\/usu769\/2022\/11\/PORTADA-1-1-1536x1152.jpg 1536w, https:\/\/agora.xtec.cat\/ceipgranullarius\/wp-content\/uploads\/usu769\/2022\/11\/PORTADA-1-1-200x150.jpg 200w, https:\/\/agora.xtec.cat\/ceipgranullarius\/wp-content\/uploads\/usu769\/2022\/11\/PORTADA-1-1.jpg 2000w\" sizes=\"auto, (max-width: 300px) 100vw, 300px\" \/><\/a><\/p>\n<p><span style=\"font-weight: 400;\">Per fi ha arribat el moment que tant hav\u00edem esperat\u2026 Ja coneixem els nostres fillols i filloles!<\/span><\/p>\n<p><span style=\"font-weight: 400;\">A 5\u00e8 iniciem el projecte d\u2019apadrinament lector amb els nens i nenes d\u2019I5, un projecte que durar\u00e0 aquest curs i el vinent.<\/span><\/p>\n<p><span style=\"font-weight: 400;\">En aquesta primera trobada, que vam aprofitar per xerrar, jugar i poder-nos con\u00e8ixer una mica, vam voler regalar als nostres fillols i filloles un punt de llibre que els podr\u00e0 acompanyar durant tota aquesta aventura que \u00e9s aprendre a llegir.<\/span><\/p>\n<p><a href=\"https:\/\/photos.app.goo.gl\/nzvHo8hADna5vjDs7\">\u00c0lbum de fotos<\/a><\/p>\n","protected":false},"excerpt":{"rendered":"<p><a href=\"https:\/\/agora.xtec.cat\/ceipgranullarius\/wp-content\/uploads\/usu769\/2022\/11\/PORTADA-1-1.jpg\"><\/a><br \/>\nPer fi ha arribat el moment que tant hav\u00edem esperat\u2026 Ja coneixem els nostres fillols i filloles!<br \/>\nA 5\u00e8 iniciem el projecte d\u2019apadrinament lector amb els nens i nenes d\u2019I5, un projecte que durar\u00e0 aquest curs i el vinent.<br \/>\nEn aquesta primera trobada, que vam aprofitar&hellip;  <a href=\"https:\/\/agora.xtec.cat\/ceipgranullarius\/portada\/a-5e-som-padrines-i-padrins-lectors\/\" title=\"Read A 5\u00e8 SOM\u2026 PADRINES I  PADRINS LECTORS!\">Llegeix m\u00e9s\u00bb<\/a><\/p>\n","protected":false},"author":1,"featured_media":0,"comment_status":"closed","ping_status":"closed","sticky":false,"template":"","format":"standard","meta":{"_bbp_topic_count":0,"_bbp_reply_count":0,"_bbp_total_topic_count":0,"_bbp_total_reply_count":0,"_bbp_voice_count":0,"_bbp_anonymous_reply_count":0,"_bbp_topic_count_hidden":0,"_bbp_reply_count_hidden":0,"_bbp_forum_subforum_count":0,"footnotes":""},"categories":[14,9,4],"tags":[],"class_list":["post-3245","post","type-post","status-publish","format-standard","hentry","category-5e","category-i5","category-portada"],"post_mailing_queue_ids":[],"_links":{"self":[{"href":"https:\/\/agora.xtec.cat\/ceipgranullarius\/wp-json\/wp\/v2\/posts\/3245","targetHints":{"allow":["GET"]}}],"collection":[{"href":"https:\/\/agora.xtec.cat\/ceipgranullarius\/wp-json\/wp\/v2\/posts"}],"about":[{"href":"https:\/\/agora.xtec.cat\/ceipgranullarius\/wp-json\/wp\/v2\/types\/post"}],"author":[{"embeddable":true,"href":"https:\/\/agora.xtec.cat\/ceipgranullarius\/wp-json\/wp\/v2\/users\/1"}],"replies":[{"embeddable":true,"href":"https:\/\/agora.xtec.cat\/ceipgranullarius\/wp-json\/wp\/v2\/comments?post=3245"}],"version-history":[{"count":1,"href":"https:\/\/agora.xtec.cat\/ceipgranullarius\/wp-json\/wp\/v2\/posts\/3245\/revisions"}],"predecessor-version":[{"id":3247,"href":"https:\/\/agora.xtec.cat\/ceipgranullarius\/wp-json\/wp\/v2\/posts\/3245\/revisions\/3247"}],"wp:attachment":[{"href":"https:\/\/agora.xtec.cat\/ceipgranullarius\/wp-json\/wp\/v2\/media?parent=3245"}],"wp:term":[{"taxonomy":"category","embeddable":true,"href":"https:\/\/agora.xtec.cat\/ceipgranullarius\/wp-json\/wp\/v2\/categories?post=3245"},{"taxonomy":"post_tag","embeddable":true,"href":"https:\/\/agora.xtec.cat\/ceipgranullarius\/wp-json\/wp\/v2\/tags?post=3245"}],"curies":[{"name":"wp","href":"https:\/\/api.w.org\/{rel}","templated":true}]}}