{"id":3223,"date":"2022-11-07T10:29:58","date_gmt":"2022-11-07T09:29:58","guid":{"rendered":"https:\/\/agora.xtec.cat\/ceipgranullarius\/?p=3223"},"modified":"2022-11-07T13:07:45","modified_gmt":"2022-11-07T12:07:45","slug":"terricoles-o-marcians-2","status":"publish","type":"post","link":"https:\/\/agora.xtec.cat\/ceipgranullarius\/portada\/terricoles-o-marcians-2\/","title":{"rendered":"TERR\u00cdCOLES O MARCIANS?"},"content":{"rendered":"<p><a href=\"https:\/\/agora.xtec.cat\/ceipgranullarius\/wp-content\/uploads\/usu769\/2022\/11\/1.Portada-JPG.jpg\"><img loading=\"lazy\" decoding=\"async\" class=\"aligncenter size-medium wp-image-3224\" src=\"https:\/\/agora.xtec.cat\/ceipgranullarius\/wp-content\/uploads\/usu769\/2022\/11\/1.Portada-JPG-300x225.jpg\" alt=\"\" width=\"300\" height=\"225\" srcset=\"https:\/\/agora.xtec.cat\/ceipgranullarius\/wp-content\/uploads\/usu769\/2022\/11\/1.Portada-JPG-300x225.jpg 300w, https:\/\/agora.xtec.cat\/ceipgranullarius\/wp-content\/uploads\/usu769\/2022\/11\/1.Portada-JPG-768x576.jpg 768w, https:\/\/agora.xtec.cat\/ceipgranullarius\/wp-content\/uploads\/usu769\/2022\/11\/1.Portada-JPG-200x150.jpg 200w, https:\/\/agora.xtec.cat\/ceipgranullarius\/wp-content\/uploads\/usu769\/2022\/11\/1.Portada-JPG.jpg 1024w\" sizes=\"auto, (max-width: 300px) 100vw, 300px\" \/><\/a><\/p>\n<p><span style=\"font-weight: 400;\">L\u2019alumnat de 6\u00e8 hem iniciat el projecte \u201cTerr\u00edcoles o marcians?\u201d amb l\u2019objectiu de donar resposta a la pregunta \u201c\u00c9s la colonitzaci\u00f3 de Mart la soluci\u00f3 a l\u2019esgotament de la Terra?\u201d. Per posar en com\u00fa els nostres coneixements, hem preparat un joc de preguntes sobre la Terra, Mart i el sistema solar.\u00a0<\/span><\/p>\n<p><a href=\"https:\/\/photos.app.goo.gl\/QZTCEX6tFuAvpHzn7\">\u00c0lbum de fotos<\/a><\/p>\n","protected":false},"excerpt":{"rendered":"<p><a href=\"https:\/\/agora.xtec.cat\/ceipgranullarius\/wp-content\/uploads\/usu769\/2022\/11\/1.Portada-JPG.jpg\"><\/a><br \/>\nL\u2019alumnat de 6\u00e8 hem iniciat el projecte \u201cTerr\u00edcoles o marcians?\u201d amb l\u2019objectiu de donar resposta a la pregunta \u201c\u00c9s la colonitzaci\u00f3 de Mart la soluci\u00f3 a l\u2019esgotament de la Terra?\u201d. Per posar en com\u00fa els nostres coneixements, hem preparat un joc de preguntes sobre&hellip;  <a href=\"https:\/\/agora.xtec.cat\/ceipgranullarius\/portada\/terricoles-o-marcians-2\/\" title=\"Read TERR\u00cdCOLES O MARCIANS?\">Llegeix m\u00e9s\u00bb<\/a><\/p>\n","protected":false},"author":1,"featured_media":0,"comment_status":"closed","ping_status":"closed","sticky":false,"template":"","format":"standard","meta":{"_bbp_topic_count":0,"_bbp_reply_count":0,"_bbp_total_topic_count":0,"_bbp_total_reply_count":0,"_bbp_voice_count":0,"_bbp_anonymous_reply_count":0,"_bbp_topic_count_hidden":0,"_bbp_reply_count_hidden":0,"_bbp_forum_subforum_count":0,"footnotes":""},"categories":[15,4],"tags":[],"class_list":["post-3223","post","type-post","status-publish","format-standard","hentry","category-6e","category-portada"],"post_mailing_queue_ids":[],"_links":{"self":[{"href":"https:\/\/agora.xtec.cat\/ceipgranullarius\/wp-json\/wp\/v2\/posts\/3223","targetHints":{"allow":["GET"]}}],"collection":[{"href":"https:\/\/agora.xtec.cat\/ceipgranullarius\/wp-json\/wp\/v2\/posts"}],"about":[{"href":"https:\/\/agora.xtec.cat\/ceipgranullarius\/wp-json\/wp\/v2\/types\/post"}],"author":[{"embeddable":true,"href":"https:\/\/agora.xtec.cat\/ceipgranullarius\/wp-json\/wp\/v2\/users\/1"}],"replies":[{"embeddable":true,"href":"https:\/\/agora.xtec.cat\/ceipgranullarius\/wp-json\/wp\/v2\/comments?post=3223"}],"version-history":[{"count":1,"href":"https:\/\/agora.xtec.cat\/ceipgranullarius\/wp-json\/wp\/v2\/posts\/3223\/revisions"}],"predecessor-version":[{"id":3225,"href":"https:\/\/agora.xtec.cat\/ceipgranullarius\/wp-json\/wp\/v2\/posts\/3223\/revisions\/3225"}],"wp:attachment":[{"href":"https:\/\/agora.xtec.cat\/ceipgranullarius\/wp-json\/wp\/v2\/media?parent=3223"}],"wp:term":[{"taxonomy":"category","embeddable":true,"href":"https:\/\/agora.xtec.cat\/ceipgranullarius\/wp-json\/wp\/v2\/categories?post=3223"},{"taxonomy":"post_tag","embeddable":true,"href":"https:\/\/agora.xtec.cat\/ceipgranullarius\/wp-json\/wp\/v2\/tags?post=3223"}],"curies":[{"name":"wp","href":"https:\/\/api.w.org\/{rel}","templated":true}]}}