{"id":3216,"date":"2022-11-04T10:58:59","date_gmt":"2022-11-04T09:58:59","guid":{"rendered":"https:\/\/agora.xtec.cat\/ceipgranullarius\/?p=3216"},"modified":"2022-11-04T11:02:37","modified_gmt":"2022-11-04T10:02:37","slug":"halloween-i3","status":"publish","type":"post","link":"https:\/\/agora.xtec.cat\/ceipgranullarius\/educacio-infantil\/halloween-i3\/","title":{"rendered":"HALLOWEEN I3"},"content":{"rendered":"<p>&nbsp;<\/p>\n<p><a href=\"https:\/\/agora.xtec.cat\/ceipgranullarius\/wp-content\/uploads\/usu769\/2022\/11\/Portada-2-2.jpg\"><img loading=\"lazy\" decoding=\"async\" class=\"aligncenter size-medium wp-image-3219\" src=\"https:\/\/agora.xtec.cat\/ceipgranullarius\/wp-content\/uploads\/usu769\/2022\/11\/Portada-2-2-300x237.jpg\" alt=\"\" width=\"300\" height=\"237\" srcset=\"https:\/\/agora.xtec.cat\/ceipgranullarius\/wp-content\/uploads\/usu769\/2022\/11\/Portada-2-2-300x237.jpg 300w, https:\/\/agora.xtec.cat\/ceipgranullarius\/wp-content\/uploads\/usu769\/2022\/11\/Portada-2-2-1024x808.jpg 1024w, https:\/\/agora.xtec.cat\/ceipgranullarius\/wp-content\/uploads\/usu769\/2022\/11\/Portada-2-2-768x606.jpg 768w, https:\/\/agora.xtec.cat\/ceipgranullarius\/wp-content\/uploads\/usu769\/2022\/11\/Portada-2-2-1536x1212.jpg 1536w, https:\/\/agora.xtec.cat\/ceipgranullarius\/wp-content\/uploads\/usu769\/2022\/11\/Portada-2-2.jpg 2000w\" sizes=\"auto, (max-width: 300px) 100vw, 300px\" \/><\/a><\/p>\n<p>&nbsp;<\/p>\n<p><span style=\"font-weight: 400;\">During this month of October, the I3 students have started to learn English! All of them have started this new adventure with great excitement and enthusiasm.\u00a0<\/span><\/p>\n<p><span style=\"font-weight: 400;\">To learn about the celebration of Halloween we watched and talked about the tradition of trick-or-treating. We also danced and sang Halloween songs and we coloured our favourite costume in many colours. We had a great time!\u00a0<\/span><\/p>\n<p>&nbsp;<\/p>\n<p><span style=\"font-weight: 400;\">En aquest mes d\u2019octubre els alumnes d\u2019I3 han comen\u00e7at a aprendre angl\u00e8s! Tots ells i elles han empr\u00e8s aquesta nova aventura amb molta il\u00b7lusi\u00f3 i entusiasme.\u00a0<\/span><\/p>\n<p><span style=\"font-weight: 400;\">Per aprendre sobre la celebraci\u00f3 de Halloween hem vist i parlat de la tradici\u00f3 del trick-or-treat, tamb\u00e9 hem ballat i cantat can\u00e7ons i hem pintat la nostra disfressa preferida de molts colors. Ens ho hem passat molt b\u00e9!<\/span><\/p>\n<p><a href=\"https:\/\/photos.app.goo.gl\/1vojqyjWcmBDp3YY7\">\u00c0lbum de fotos<\/a><\/p>\n","protected":false},"excerpt":{"rendered":"<p>&nbsp;<br \/>\n<a href=\"https:\/\/agora.xtec.cat\/ceipgranullarius\/wp-content\/uploads\/usu769\/2022\/11\/Portada-2-2.jpg\"><\/a><br \/>\n&nbsp;<br \/>\nDuring this month of October, the I3 students have started to learn English! All of them have started this new adventure with great excitement and enthusiasm.\u00a0<br \/>\nTo learn about the celebration of Halloween we watched and talked about the tradition of trick-or-treating. We also danced&hellip;  <a href=\"https:\/\/agora.xtec.cat\/ceipgranullarius\/educacio-infantil\/halloween-i3\/\" title=\"Read HALLOWEEN I3\">Llegeix m\u00e9s\u00bb<\/a><\/p>\n","protected":false},"author":1,"featured_media":0,"comment_status":"closed","ping_status":"closed","sticky":false,"template":"","format":"standard","meta":{"_bbp_topic_count":0,"_bbp_reply_count":0,"_bbp_total_topic_count":0,"_bbp_total_reply_count":0,"_bbp_voice_count":0,"_bbp_anonymous_reply_count":0,"_bbp_topic_count_hidden":0,"_bbp_reply_count_hidden":0,"_bbp_forum_subforum_count":0,"footnotes":""},"categories":[2,46,3,4],"tags":[],"class_list":["post-3216","post","type-post","status-publish","format-standard","hentry","category-educacio-infantil","category-som-escola-gep","category-i3","category-portada"],"post_mailing_queue_ids":[],"_links":{"self":[{"href":"https:\/\/agora.xtec.cat\/ceipgranullarius\/wp-json\/wp\/v2\/posts\/3216","targetHints":{"allow":["GET"]}}],"collection":[{"href":"https:\/\/agora.xtec.cat\/ceipgranullarius\/wp-json\/wp\/v2\/posts"}],"about":[{"href":"https:\/\/agora.xtec.cat\/ceipgranullarius\/wp-json\/wp\/v2\/types\/post"}],"author":[{"embeddable":true,"href":"https:\/\/agora.xtec.cat\/ceipgranullarius\/wp-json\/wp\/v2\/users\/1"}],"replies":[{"embeddable":true,"href":"https:\/\/agora.xtec.cat\/ceipgranullarius\/wp-json\/wp\/v2\/comments?post=3216"}],"version-history":[{"count":2,"href":"https:\/\/agora.xtec.cat\/ceipgranullarius\/wp-json\/wp\/v2\/posts\/3216\/revisions"}],"predecessor-version":[{"id":3220,"href":"https:\/\/agora.xtec.cat\/ceipgranullarius\/wp-json\/wp\/v2\/posts\/3216\/revisions\/3220"}],"wp:attachment":[{"href":"https:\/\/agora.xtec.cat\/ceipgranullarius\/wp-json\/wp\/v2\/media?parent=3216"}],"wp:term":[{"taxonomy":"category","embeddable":true,"href":"https:\/\/agora.xtec.cat\/ceipgranullarius\/wp-json\/wp\/v2\/categories?post=3216"},{"taxonomy":"post_tag","embeddable":true,"href":"https:\/\/agora.xtec.cat\/ceipgranullarius\/wp-json\/wp\/v2\/tags?post=3216"}],"curies":[{"name":"wp","href":"https:\/\/api.w.org\/{rel}","templated":true}]}}