{"id":3194,"date":"2022-11-04T10:08:39","date_gmt":"2022-11-04T09:08:39","guid":{"rendered":"https:\/\/agora.xtec.cat\/ceipgranullarius\/?p=3194"},"modified":"2022-11-04T10:08:39","modified_gmt":"2022-11-04T09:08:39","slug":"taller-el-cami-dels-residus-a-1r","status":"publish","type":"post","link":"https:\/\/agora.xtec.cat\/ceipgranullarius\/portada\/taller-el-cami-dels-residus-a-1r\/","title":{"rendered":"TALLER &#8220;EL CAM\u00cd DELS RESIDUS&#8221; A 1r"},"content":{"rendered":"<p><a href=\"https:\/\/agora.xtec.cat\/ceipgranullarius\/wp-content\/uploads\/usu769\/2022\/11\/PORTADA-2-1-rotated.jpg\"><img loading=\"lazy\" decoding=\"async\" class=\"aligncenter size-medium wp-image-3195\" src=\"https:\/\/agora.xtec.cat\/ceipgranullarius\/wp-content\/uploads\/usu769\/2022\/11\/PORTADA-2-1-300x300.jpg\" alt=\"\" width=\"300\" height=\"300\" srcset=\"https:\/\/agora.xtec.cat\/ceipgranullarius\/wp-content\/uploads\/usu769\/2022\/11\/PORTADA-2-1-300x300.jpg 300w, https:\/\/agora.xtec.cat\/ceipgranullarius\/wp-content\/uploads\/usu769\/2022\/11\/PORTADA-2-1-1024x1024.jpg 1024w, https:\/\/agora.xtec.cat\/ceipgranullarius\/wp-content\/uploads\/usu769\/2022\/11\/PORTADA-2-1-150x150.jpg 150w, https:\/\/agora.xtec.cat\/ceipgranullarius\/wp-content\/uploads\/usu769\/2022\/11\/PORTADA-2-1-768x768.jpg 768w, https:\/\/agora.xtec.cat\/ceipgranullarius\/wp-content\/uploads\/usu769\/2022\/11\/PORTADA-2-1-1536x1536.jpg 1536w, https:\/\/agora.xtec.cat\/ceipgranullarius\/wp-content\/uploads\/usu769\/2022\/11\/PORTADA-2-1-rotated.jpg 1728w\" sizes=\"auto, (max-width: 300px) 100vw, 300px\" \/><\/a><\/p>\n<p><span style=\"font-weight: 400;\">Dilluns 17 d\u2019octubre vam fer un taller per veure quin \u00e9s el cam\u00ed que fan els residus que generem. Vam classificar els diferents residus en els seus contenidors i vam veure quin cam\u00ed recorren pel seu reciclatge.\u00a0<\/span><\/p>\n<p><span style=\"font-weight: 400;\">Ens ho vam passar molt b\u00e9, ha estat molt interessant!<\/span><\/p>\n<p><a href=\"https:\/\/photos.app.goo.gl\/j4uf9WmuRiGTgLaZ8\">Veure \u00e0lbum de fotos<\/a><\/p>\n","protected":false},"excerpt":{"rendered":"<p><a href=\"https:\/\/agora.xtec.cat\/ceipgranullarius\/wp-content\/uploads\/usu769\/2022\/11\/PORTADA-2-1-rotated.jpg\"><\/a><br \/>\nDilluns 17 d\u2019octubre vam fer un taller per veure quin \u00e9s el cam\u00ed que fan els residus que generem. Vam classificar els diferents residus en els seus contenidors i vam veure quin cam\u00ed recorren pel seu reciclatge.\u00a0<br \/>\nEns ho vam passar molt b\u00e9, ha estat&hellip;  <a href=\"https:\/\/agora.xtec.cat\/ceipgranullarius\/portada\/taller-el-cami-dels-residus-a-1r\/\" title=\"Read TALLER &#8220;EL CAM\u00cd DELS RESIDUS&#8221; A 1r\">Llegeix m\u00e9s\u00bb<\/a><\/p>\n","protected":false},"author":1,"featured_media":0,"comment_status":"closed","ping_status":"closed","sticky":false,"template":"","format":"standard","meta":{"_bbp_topic_count":0,"_bbp_reply_count":0,"_bbp_total_topic_count":0,"_bbp_total_reply_count":0,"_bbp_voice_count":0,"_bbp_anonymous_reply_count":0,"_bbp_topic_count_hidden":0,"_bbp_reply_count_hidden":0,"_bbp_forum_subforum_count":0,"footnotes":""},"categories":[10,4],"tags":[],"class_list":["post-3194","post","type-post","status-publish","format-standard","hentry","category-1r","category-portada"],"post_mailing_queue_ids":[],"_links":{"self":[{"href":"https:\/\/agora.xtec.cat\/ceipgranullarius\/wp-json\/wp\/v2\/posts\/3194","targetHints":{"allow":["GET"]}}],"collection":[{"href":"https:\/\/agora.xtec.cat\/ceipgranullarius\/wp-json\/wp\/v2\/posts"}],"about":[{"href":"https:\/\/agora.xtec.cat\/ceipgranullarius\/wp-json\/wp\/v2\/types\/post"}],"author":[{"embeddable":true,"href":"https:\/\/agora.xtec.cat\/ceipgranullarius\/wp-json\/wp\/v2\/users\/1"}],"replies":[{"embeddable":true,"href":"https:\/\/agora.xtec.cat\/ceipgranullarius\/wp-json\/wp\/v2\/comments?post=3194"}],"version-history":[{"count":1,"href":"https:\/\/agora.xtec.cat\/ceipgranullarius\/wp-json\/wp\/v2\/posts\/3194\/revisions"}],"predecessor-version":[{"id":3196,"href":"https:\/\/agora.xtec.cat\/ceipgranullarius\/wp-json\/wp\/v2\/posts\/3194\/revisions\/3196"}],"wp:attachment":[{"href":"https:\/\/agora.xtec.cat\/ceipgranullarius\/wp-json\/wp\/v2\/media?parent=3194"}],"wp:term":[{"taxonomy":"category","embeddable":true,"href":"https:\/\/agora.xtec.cat\/ceipgranullarius\/wp-json\/wp\/v2\/categories?post=3194"},{"taxonomy":"post_tag","embeddable":true,"href":"https:\/\/agora.xtec.cat\/ceipgranullarius\/wp-json\/wp\/v2\/tags?post=3194"}],"curies":[{"name":"wp","href":"https:\/\/api.w.org\/{rel}","templated":true}]}}