{"id":3190,"date":"2022-11-04T09:58:49","date_gmt":"2022-11-04T08:58:49","guid":{"rendered":"https:\/\/agora.xtec.cat\/ceipgranullarius\/?p=3190"},"modified":"2022-11-04T10:24:09","modified_gmt":"2022-11-04T09:24:09","slug":"racons-matematics-a-3r-labac","status":"publish","type":"post","link":"https:\/\/agora.xtec.cat\/ceipgranullarius\/portada\/racons-matematics-a-3r-labac\/","title":{"rendered":"RACONS MATEM\u00c0TICS A 3r: L\u2019\u00c0BAC"},"content":{"rendered":"<p><a href=\"https:\/\/agora.xtec.cat\/ceipgranullarius\/wp-content\/uploads\/usu769\/2022\/11\/2.PORTADA-1.jpg\"><img loading=\"lazy\" decoding=\"async\" class=\"aligncenter size-medium wp-image-3191\" src=\"https:\/\/agora.xtec.cat\/ceipgranullarius\/wp-content\/uploads\/usu769\/2022\/11\/2.PORTADA-1-300x226.jpg\" alt=\"\" width=\"300\" height=\"226\" srcset=\"https:\/\/agora.xtec.cat\/ceipgranullarius\/wp-content\/uploads\/usu769\/2022\/11\/2.PORTADA-1-300x226.jpg 300w, https:\/\/agora.xtec.cat\/ceipgranullarius\/wp-content\/uploads\/usu769\/2022\/11\/2.PORTADA-1-1024x771.jpg 1024w, https:\/\/agora.xtec.cat\/ceipgranullarius\/wp-content\/uploads\/usu769\/2022\/11\/2.PORTADA-1-768x578.jpg 768w, https:\/\/agora.xtec.cat\/ceipgranullarius\/wp-content\/uploads\/usu769\/2022\/11\/2.PORTADA-1-1536x1157.jpg 1536w, https:\/\/agora.xtec.cat\/ceipgranullarius\/wp-content\/uploads\/usu769\/2022\/11\/2.PORTADA-1-200x150.jpg 200w, https:\/\/agora.xtec.cat\/ceipgranullarius\/wp-content\/uploads\/usu769\/2022\/11\/2.PORTADA-1.jpg 2040w\" sizes=\"auto, (max-width: 300px) 100vw, 300px\" \/><\/a><\/p>\n<p><span style=\"font-weight: 400;\">Un dels primers racons matem\u00e0tics que hem experimentat aquest curs ha estat descobrir i gaudir amb l\u2019\u00fas de<\/span><b> l\u2019\u00e0bac<\/b><span style=\"font-weight: 400;\"> com a suport per a comptar.\u00a0<\/span><\/p>\n<p><span style=\"font-weight: 400;\">L&#8217;<\/span><b>\u00e0bac<\/b><span style=\"font-weight: 400;\"> \u00e9s una eina molt antiga per al<\/span> <span style=\"font-weight: 400;\">c\u00e0lcul manual d&#8217;operacions aritm\u00e8tiques.\u00a0<\/span><\/p>\n<p><span style=\"font-weight: 400;\">Ens ha agradat utilitzar-lo<\/span><\/p>\n<p><a href=\"https:\/\/photos.app.goo.gl\/ww19HA3sNEkJxBWv9\">\u00c0lbum de fotos<\/a><\/p>\n","protected":false},"excerpt":{"rendered":"<p><a href=\"https:\/\/agora.xtec.cat\/ceipgranullarius\/wp-content\/uploads\/usu769\/2022\/11\/2.PORTADA-1.jpg\"><\/a><br \/>\nUn dels primers racons matem\u00e0tics que hem experimentat aquest curs ha estat descobrir i gaudir amb l\u2019\u00fas de l\u2019\u00e0bac com a suport per a comptar.\u00a0<br \/>\nL&#8217;\u00e0bac \u00e9s una eina molt antiga per al c\u00e0lcul manual d&#8217;operacions aritm\u00e8tiques.\u00a0<br \/>\nEns ha agradat utilitzar-lo<br \/>\n<a href=\"https:\/\/photos.app.goo.gl\/ww19HA3sNEkJxBWv9\">\u00c0lbum de fotos<\/a><\/p>\n","protected":false},"author":1,"featured_media":0,"comment_status":"closed","ping_status":"closed","sticky":false,"template":"","format":"standard","meta":{"_bbp_topic_count":0,"_bbp_reply_count":0,"_bbp_total_topic_count":0,"_bbp_total_reply_count":0,"_bbp_voice_count":0,"_bbp_anonymous_reply_count":0,"_bbp_topic_count_hidden":0,"_bbp_reply_count_hidden":0,"_bbp_forum_subforum_count":0,"footnotes":""},"categories":[12,4],"tags":[],"class_list":["post-3190","post","type-post","status-publish","format-standard","hentry","category-3r","category-portada"],"post_mailing_queue_ids":[],"_links":{"self":[{"href":"https:\/\/agora.xtec.cat\/ceipgranullarius\/wp-json\/wp\/v2\/posts\/3190","targetHints":{"allow":["GET"]}}],"collection":[{"href":"https:\/\/agora.xtec.cat\/ceipgranullarius\/wp-json\/wp\/v2\/posts"}],"about":[{"href":"https:\/\/agora.xtec.cat\/ceipgranullarius\/wp-json\/wp\/v2\/types\/post"}],"author":[{"embeddable":true,"href":"https:\/\/agora.xtec.cat\/ceipgranullarius\/wp-json\/wp\/v2\/users\/1"}],"replies":[{"embeddable":true,"href":"https:\/\/agora.xtec.cat\/ceipgranullarius\/wp-json\/wp\/v2\/comments?post=3190"}],"version-history":[{"count":3,"href":"https:\/\/agora.xtec.cat\/ceipgranullarius\/wp-json\/wp\/v2\/posts\/3190\/revisions"}],"predecessor-version":[{"id":3202,"href":"https:\/\/agora.xtec.cat\/ceipgranullarius\/wp-json\/wp\/v2\/posts\/3190\/revisions\/3202"}],"wp:attachment":[{"href":"https:\/\/agora.xtec.cat\/ceipgranullarius\/wp-json\/wp\/v2\/media?parent=3190"}],"wp:term":[{"taxonomy":"category","embeddable":true,"href":"https:\/\/agora.xtec.cat\/ceipgranullarius\/wp-json\/wp\/v2\/categories?post=3190"},{"taxonomy":"post_tag","embeddable":true,"href":"https:\/\/agora.xtec.cat\/ceipgranullarius\/wp-json\/wp\/v2\/tags?post=3190"}],"curies":[{"name":"wp","href":"https:\/\/api.w.org\/{rel}","templated":true}]}}