{"id":3157,"date":"2022-10-07T10:21:45","date_gmt":"2022-10-07T08:21:45","guid":{"rendered":"https:\/\/agora.xtec.cat\/ceipgranullarius\/?p=3157"},"modified":"2022-11-04T10:26:44","modified_gmt":"2022-11-04T09:26:44","slug":"taller-descacs-a-5e","status":"publish","type":"post","link":"https:\/\/agora.xtec.cat\/ceipgranullarius\/portada\/taller-descacs-a-5e\/","title":{"rendered":"TALLER D&#8217;ESCACS A 5\u00e8"},"content":{"rendered":"<p><a href=\"https:\/\/agora.xtec.cat\/ceipgranullarius\/wp-content\/uploads\/usu769\/2022\/10\/PORTADA-scaled.jpg\"><img loading=\"lazy\" decoding=\"async\" class=\"aligncenter size-medium wp-image-3158\" src=\"https:\/\/agora.xtec.cat\/ceipgranullarius\/wp-content\/uploads\/usu769\/2022\/10\/PORTADA-300x225.jpg\" alt=\"\" width=\"300\" height=\"225\" srcset=\"https:\/\/agora.xtec.cat\/ceipgranullarius\/wp-content\/uploads\/usu769\/2022\/10\/PORTADA-300x225.jpg 300w, https:\/\/agora.xtec.cat\/ceipgranullarius\/wp-content\/uploads\/usu769\/2022\/10\/PORTADA-1024x768.jpg 1024w, https:\/\/agora.xtec.cat\/ceipgranullarius\/wp-content\/uploads\/usu769\/2022\/10\/PORTADA-768x576.jpg 768w, https:\/\/agora.xtec.cat\/ceipgranullarius\/wp-content\/uploads\/usu769\/2022\/10\/PORTADA-1536x1152.jpg 1536w, https:\/\/agora.xtec.cat\/ceipgranullarius\/wp-content\/uploads\/usu769\/2022\/10\/PORTADA-2048x1536.jpg 2048w, https:\/\/agora.xtec.cat\/ceipgranullarius\/wp-content\/uploads\/usu769\/2022\/10\/PORTADA-200x150.jpg 200w\" sizes=\"auto, (max-width: 300px) 100vw, 300px\" \/><\/a><\/p>\n<p>Aquesta setmana hem comen\u00e7at el taller d\u2019escacs! Aquest taller que ofereix el club d\u2019escacs de la ciutat es comen\u00e7a a 4t i a 5\u00e8 fem quatre sessions m\u00e9s que ens serveixen per recordar tot el que vam aprendre i posar-ho en pr\u00e0ctica\u2026.I ens encanta!<\/p>\n<p><a href=\"https:\/\/photos.app.goo.gl\/hXYn29VSzA9pKnrK6\">\u00c0lbum de fotos<\/a><\/p>\n","protected":false},"excerpt":{"rendered":"<p><a href=\"https:\/\/agora.xtec.cat\/ceipgranullarius\/wp-content\/uploads\/usu769\/2022\/10\/PORTADA-scaled.jpg\"><\/a><br \/>\nAquesta setmana hem comen\u00e7at el taller d\u2019escacs! Aquest taller que ofereix el club d\u2019escacs de la ciutat es comen\u00e7a a 4t i a 5\u00e8 fem quatre sessions m\u00e9s que ens serveixen per recordar tot el que vam aprendre i posar-ho en pr\u00e0ctica\u2026.I ens encanta!<br \/>\n<a&hellip;  <a href=\"https:\/\/agora.xtec.cat\/ceipgranullarius\/portada\/taller-descacs-a-5e\/\" title=\"Read TALLER D&#8217;ESCACS A 5\u00e8\">Llegeix m\u00e9s\u00bb<\/a><\/p>\n","protected":false},"author":1,"featured_media":0,"comment_status":"closed","ping_status":"closed","sticky":false,"template":"","format":"standard","meta":{"_bbp_topic_count":0,"_bbp_reply_count":0,"_bbp_total_topic_count":0,"_bbp_total_reply_count":0,"_bbp_voice_count":0,"_bbp_anonymous_reply_count":0,"_bbp_topic_count_hidden":0,"_bbp_reply_count_hidden":0,"_bbp_forum_subforum_count":0,"footnotes":""},"categories":[14,4],"tags":[],"class_list":["post-3157","post","type-post","status-publish","format-standard","hentry","category-5e","category-portada"],"post_mailing_queue_ids":[],"_links":{"self":[{"href":"https:\/\/agora.xtec.cat\/ceipgranullarius\/wp-json\/wp\/v2\/posts\/3157","targetHints":{"allow":["GET"]}}],"collection":[{"href":"https:\/\/agora.xtec.cat\/ceipgranullarius\/wp-json\/wp\/v2\/posts"}],"about":[{"href":"https:\/\/agora.xtec.cat\/ceipgranullarius\/wp-json\/wp\/v2\/types\/post"}],"author":[{"embeddable":true,"href":"https:\/\/agora.xtec.cat\/ceipgranullarius\/wp-json\/wp\/v2\/users\/1"}],"replies":[{"embeddable":true,"href":"https:\/\/agora.xtec.cat\/ceipgranullarius\/wp-json\/wp\/v2\/comments?post=3157"}],"version-history":[{"count":3,"href":"https:\/\/agora.xtec.cat\/ceipgranullarius\/wp-json\/wp\/v2\/posts\/3157\/revisions"}],"predecessor-version":[{"id":3207,"href":"https:\/\/agora.xtec.cat\/ceipgranullarius\/wp-json\/wp\/v2\/posts\/3157\/revisions\/3207"}],"wp:attachment":[{"href":"https:\/\/agora.xtec.cat\/ceipgranullarius\/wp-json\/wp\/v2\/media?parent=3157"}],"wp:term":[{"taxonomy":"category","embeddable":true,"href":"https:\/\/agora.xtec.cat\/ceipgranullarius\/wp-json\/wp\/v2\/categories?post=3157"},{"taxonomy":"post_tag","embeddable":true,"href":"https:\/\/agora.xtec.cat\/ceipgranullarius\/wp-json\/wp\/v2\/tags?post=3157"}],"curies":[{"name":"wp","href":"https:\/\/api.w.org\/{rel}","templated":true}]}}