{"id":3154,"date":"2022-09-30T10:26:10","date_gmt":"2022-09-30T08:26:10","guid":{"rendered":"https:\/\/agora.xtec.cat\/ceipgranullarius\/?p=3154"},"modified":"2022-09-30T10:32:07","modified_gmt":"2022-09-30T08:32:07","slug":"les-aules-d-i5-es-van-transformant","status":"publish","type":"post","link":"https:\/\/agora.xtec.cat\/ceipgranullarius\/educacio-infantil\/les-aules-d-i5-es-van-transformant\/","title":{"rendered":"LES AULES D\u2019 I5 ES VAN TRANSFORMANT."},"content":{"rendered":"<p><a href=\"https:\/\/agora.xtec.cat\/ceipgranullarius\/wp-content\/uploads\/usu769\/2022\/09\/PORTADA-2-scaled.jpg\"><img loading=\"lazy\" decoding=\"async\" class=\"aligncenter size-medium wp-image-3155\" src=\"https:\/\/agora.xtec.cat\/ceipgranullarius\/wp-content\/uploads\/usu769\/2022\/09\/PORTADA-2-300x135.jpg\" alt=\"\" width=\"300\" height=\"135\" srcset=\"https:\/\/agora.xtec.cat\/ceipgranullarius\/wp-content\/uploads\/usu769\/2022\/09\/PORTADA-2-300x135.jpg 300w, https:\/\/agora.xtec.cat\/ceipgranullarius\/wp-content\/uploads\/usu769\/2022\/09\/PORTADA-2-1024x461.jpg 1024w, https:\/\/agora.xtec.cat\/ceipgranullarius\/wp-content\/uploads\/usu769\/2022\/09\/PORTADA-2-768x346.jpg 768w, https:\/\/agora.xtec.cat\/ceipgranullarius\/wp-content\/uploads\/usu769\/2022\/09\/PORTADA-2-1536x691.jpg 1536w, https:\/\/agora.xtec.cat\/ceipgranullarius\/wp-content\/uploads\/usu769\/2022\/09\/PORTADA-2-2048x922.jpg 2048w\" sizes=\"auto, (max-width: 300px) 100vw, 300px\" \/><\/a><\/p>\n<p>AQUEST CURS ELS NENS I NENES D\u2019I3 I I4 HAN ESTRENAT AULES I I5 TAMB\u00c9 COMEN\u00c7A A GAUDIR DE LA RENOVACI\u00d3. NO US\u00a0 PERDEU LES FOTOS.<\/p>\n<p>DIVENDRES 23 DE SETEMBRE QUAN VAN ENTRAR A LA CLASSE VAN QUEDAR BOCABADATS\u2026 I AIX\u00d2 NOM\u00c9S \u00c9S EL COMEN\u00c7AMENT \u2026<\/p>\n<p>AL GRANULLARIUS ESTEM DE CANVIS!!! ESPEREM QUE US AGRADIN.<\/p>\n<p><a href=\"https:\/\/photos.app.goo.gl\/T73sn4izqKajGa8J8\">\u00c0lbum de fotos<\/a><\/p>\n<p>&nbsp;<\/p>\n","protected":false},"excerpt":{"rendered":"<p><a href=\"https:\/\/agora.xtec.cat\/ceipgranullarius\/wp-content\/uploads\/usu769\/2022\/09\/PORTADA-2-scaled.jpg\"><\/a><br \/>\nAQUEST CURS ELS NENS I NENES D\u2019I3 I I4 HAN ESTRENAT AULES I I5 TAMB\u00c9 COMEN\u00c7A A GAUDIR DE LA RENOVACI\u00d3. NO US\u00a0 PERDEU LES FOTOS.<br \/>\nDIVENDRES 23 DE SETEMBRE QUAN VAN ENTRAR A LA CLASSE VAN QUEDAR BOCABADATS\u2026 I AIX\u00d2 NOM\u00c9S \u00c9S EL COMEN\u00c7AMENT&hellip;  <a href=\"https:\/\/agora.xtec.cat\/ceipgranullarius\/educacio-infantil\/les-aules-d-i5-es-van-transformant\/\" title=\"Read LES AULES D\u2019 I5 ES VAN TRANSFORMANT.\">Llegeix m\u00e9s\u00bb<\/a><\/p>\n","protected":false},"author":1,"featured_media":0,"comment_status":"closed","ping_status":"closed","sticky":false,"template":"","format":"standard","meta":{"_bbp_topic_count":0,"_bbp_reply_count":0,"_bbp_total_topic_count":0,"_bbp_total_reply_count":0,"_bbp_voice_count":0,"_bbp_anonymous_reply_count":0,"_bbp_topic_count_hidden":0,"_bbp_reply_count_hidden":0,"_bbp_forum_subforum_count":0,"footnotes":""},"categories":[2,9,4],"tags":[],"class_list":["post-3154","post","type-post","status-publish","format-standard","hentry","category-educacio-infantil","category-i5","category-portada"],"post_mailing_queue_ids":[],"_links":{"self":[{"href":"https:\/\/agora.xtec.cat\/ceipgranullarius\/wp-json\/wp\/v2\/posts\/3154","targetHints":{"allow":["GET"]}}],"collection":[{"href":"https:\/\/agora.xtec.cat\/ceipgranullarius\/wp-json\/wp\/v2\/posts"}],"about":[{"href":"https:\/\/agora.xtec.cat\/ceipgranullarius\/wp-json\/wp\/v2\/types\/post"}],"author":[{"embeddable":true,"href":"https:\/\/agora.xtec.cat\/ceipgranullarius\/wp-json\/wp\/v2\/users\/1"}],"replies":[{"embeddable":true,"href":"https:\/\/agora.xtec.cat\/ceipgranullarius\/wp-json\/wp\/v2\/comments?post=3154"}],"version-history":[{"count":1,"href":"https:\/\/agora.xtec.cat\/ceipgranullarius\/wp-json\/wp\/v2\/posts\/3154\/revisions"}],"predecessor-version":[{"id":3156,"href":"https:\/\/agora.xtec.cat\/ceipgranullarius\/wp-json\/wp\/v2\/posts\/3154\/revisions\/3156"}],"wp:attachment":[{"href":"https:\/\/agora.xtec.cat\/ceipgranullarius\/wp-json\/wp\/v2\/media?parent=3154"}],"wp:term":[{"taxonomy":"category","embeddable":true,"href":"https:\/\/agora.xtec.cat\/ceipgranullarius\/wp-json\/wp\/v2\/categories?post=3154"},{"taxonomy":"post_tag","embeddable":true,"href":"https:\/\/agora.xtec.cat\/ceipgranullarius\/wp-json\/wp\/v2\/tags?post=3154"}],"curies":[{"name":"wp","href":"https:\/\/api.w.org\/{rel}","templated":true}]}}