{"id":3149,"date":"2022-09-30T10:15:45","date_gmt":"2022-09-30T08:15:45","guid":{"rendered":"https:\/\/agora.xtec.cat\/ceipgranullarius\/?p=3149"},"modified":"2022-09-30T10:17:46","modified_gmt":"2022-09-30T08:17:46","slug":"escollim-delegats-ades","status":"publish","type":"post","link":"https:\/\/agora.xtec.cat\/ceipgranullarius\/portada\/escollim-delegats-ades\/","title":{"rendered":"ESCOLLIM DELEGATS\/ADES DE 4T"},"content":{"rendered":"<p><a href=\"https:\/\/agora.xtec.cat\/ceipgranullarius\/wp-content\/uploads\/usu769\/2022\/09\/Portada-1-scaled.jpg\"><img loading=\"lazy\" decoding=\"async\" class=\"aligncenter size-medium wp-image-3150\" src=\"https:\/\/agora.xtec.cat\/ceipgranullarius\/wp-content\/uploads\/usu769\/2022\/09\/Portada-1-300x195.jpg\" alt=\"\" width=\"300\" height=\"195\" srcset=\"https:\/\/agora.xtec.cat\/ceipgranullarius\/wp-content\/uploads\/usu769\/2022\/09\/Portada-1-300x195.jpg 300w, https:\/\/agora.xtec.cat\/ceipgranullarius\/wp-content\/uploads\/usu769\/2022\/09\/Portada-1-1024x664.jpg 1024w, https:\/\/agora.xtec.cat\/ceipgranullarius\/wp-content\/uploads\/usu769\/2022\/09\/Portada-1-768x498.jpg 768w, https:\/\/agora.xtec.cat\/ceipgranullarius\/wp-content\/uploads\/usu769\/2022\/09\/Portada-1-1536x997.jpg 1536w, https:\/\/agora.xtec.cat\/ceipgranullarius\/wp-content\/uploads\/usu769\/2022\/09\/Portada-1-2048x1329.jpg 2048w\" sizes=\"auto, (max-width: 300px) 100vw, 300px\" \/><\/a><\/p>\n<p>Aquest curs hem tornat a demanar als alumnes a qui li agradaria (que no hagu\u00e9s estat anteriorment) presentar-se voluntari per ser delegat\/da. Van sortir quatre aspirants de cada classe, els quals van haver de preparar una pancarta. A la seg\u00fcent setmana, van exposar les seves campanyes i vam votar. Finalment tenim com a delegats\/des la Lydia Casellas de 4t A i la Jessica Carricondo de 4t B. En refer\u00e8ncia al subdelegats\/des, tenim a l\u2019Arnau Marceau de 4t A i a la Luc\u00eda N\u00fa\u00f1ez de 4t B.<\/p>\n<p><a href=\"https:\/\/photos.app.goo.gl\/rfUmsVuBBgbv4x8p9\">\u00c0lbum de fotos<\/a><\/p>\n","protected":false},"excerpt":{"rendered":"<p><a href=\"https:\/\/agora.xtec.cat\/ceipgranullarius\/wp-content\/uploads\/usu769\/2022\/09\/Portada-1-scaled.jpg\"><\/a><br \/>\nAquest curs hem tornat a demanar als alumnes a qui li agradaria (que no hagu\u00e9s estat anteriorment) presentar-se voluntari per ser delegat\/da. Van sortir quatre aspirants de cada classe, els quals van haver de preparar una pancarta. A la seg\u00fcent setmana, van exposar les&hellip;  <a href=\"https:\/\/agora.xtec.cat\/ceipgranullarius\/portada\/escollim-delegats-ades\/\" title=\"Read ESCOLLIM DELEGATS\/ADES DE 4T\">Llegeix m\u00e9s\u00bb<\/a><\/p>\n","protected":false},"author":1,"featured_media":0,"comment_status":"closed","ping_status":"closed","sticky":false,"template":"","format":"standard","meta":{"_bbp_topic_count":0,"_bbp_reply_count":0,"_bbp_total_topic_count":0,"_bbp_total_reply_count":0,"_bbp_voice_count":0,"_bbp_anonymous_reply_count":0,"_bbp_topic_count_hidden":0,"_bbp_reply_count_hidden":0,"_bbp_forum_subforum_count":0,"footnotes":""},"categories":[13,4],"tags":[],"class_list":["post-3149","post","type-post","status-publish","format-standard","hentry","category-4t","category-portada"],"post_mailing_queue_ids":[],"_links":{"self":[{"href":"https:\/\/agora.xtec.cat\/ceipgranullarius\/wp-json\/wp\/v2\/posts\/3149","targetHints":{"allow":["GET"]}}],"collection":[{"href":"https:\/\/agora.xtec.cat\/ceipgranullarius\/wp-json\/wp\/v2\/posts"}],"about":[{"href":"https:\/\/agora.xtec.cat\/ceipgranullarius\/wp-json\/wp\/v2\/types\/post"}],"author":[{"embeddable":true,"href":"https:\/\/agora.xtec.cat\/ceipgranullarius\/wp-json\/wp\/v2\/users\/1"}],"replies":[{"embeddable":true,"href":"https:\/\/agora.xtec.cat\/ceipgranullarius\/wp-json\/wp\/v2\/comments?post=3149"}],"version-history":[{"count":3,"href":"https:\/\/agora.xtec.cat\/ceipgranullarius\/wp-json\/wp\/v2\/posts\/3149\/revisions"}],"predecessor-version":[{"id":3153,"href":"https:\/\/agora.xtec.cat\/ceipgranullarius\/wp-json\/wp\/v2\/posts\/3149\/revisions\/3153"}],"wp:attachment":[{"href":"https:\/\/agora.xtec.cat\/ceipgranullarius\/wp-json\/wp\/v2\/media?parent=3149"}],"wp:term":[{"taxonomy":"category","embeddable":true,"href":"https:\/\/agora.xtec.cat\/ceipgranullarius\/wp-json\/wp\/v2\/categories?post=3149"},{"taxonomy":"post_tag","embeddable":true,"href":"https:\/\/agora.xtec.cat\/ceipgranullarius\/wp-json\/wp\/v2\/tags?post=3149"}],"curies":[{"name":"wp","href":"https:\/\/api.w.org\/{rel}","templated":true}]}}