{"id":3105,"date":"2022-08-30T13:45:56","date_gmt":"2022-08-30T11:45:56","guid":{"rendered":"https:\/\/agora.xtec.cat\/ceipgranullarius\/?p=3105"},"modified":"2022-08-30T13:45:56","modified_gmt":"2022-08-30T11:45:56","slug":"diplomes-activitats-aquatiques","status":"publish","type":"post","link":"https:\/\/agora.xtec.cat\/ceipgranullarius\/general\/diplomes-activitats-aquatiques\/","title":{"rendered":"DIPLOMES ACTIVITATS AQU\u00c0TIQUES"},"content":{"rendered":"<p><a href=\"https:\/\/agora.xtec.cat\/ceipgranullarius\/wp-content\/uploads\/usu769\/2022\/08\/2.-PORTADA-3024-x-2268-scaled.jpg\"><img loading=\"lazy\" decoding=\"async\" class=\"aligncenter size-medium wp-image-3106\" src=\"https:\/\/agora.xtec.cat\/ceipgranullarius\/wp-content\/uploads\/usu769\/2022\/08\/2.-PORTADA-3024-x-2268-300x225.jpg\" alt=\"\" width=\"300\" height=\"225\" srcset=\"https:\/\/agora.xtec.cat\/ceipgranullarius\/wp-content\/uploads\/usu769\/2022\/08\/2.-PORTADA-3024-x-2268-300x225.jpg 300w, https:\/\/agora.xtec.cat\/ceipgranullarius\/wp-content\/uploads\/usu769\/2022\/08\/2.-PORTADA-3024-x-2268-1024x768.jpg 1024w, https:\/\/agora.xtec.cat\/ceipgranullarius\/wp-content\/uploads\/usu769\/2022\/08\/2.-PORTADA-3024-x-2268-768x576.jpg 768w, https:\/\/agora.xtec.cat\/ceipgranullarius\/wp-content\/uploads\/usu769\/2022\/08\/2.-PORTADA-3024-x-2268-1536x1152.jpg 1536w, https:\/\/agora.xtec.cat\/ceipgranullarius\/wp-content\/uploads\/usu769\/2022\/08\/2.-PORTADA-3024-x-2268-2048x1536.jpg 2048w, https:\/\/agora.xtec.cat\/ceipgranullarius\/wp-content\/uploads\/usu769\/2022\/08\/2.-PORTADA-3024-x-2268-200x150.jpg 200w\" sizes=\"auto, (max-width: 300px) 100vw, 300px\" \/><\/a><\/p>\n<p><span style=\"font-weight: 400;\">Els nens i les nenes des de primer fins a sis\u00e8 vam poder gaudir d&#8217;aquestes jornades l\u00fadico-aqu\u00e0tiques\u00a0 on s\u2019ho van passar molt b\u00e9. S\u00f3n les primeres jornades organitzades per l\u2019escola amb la col\u00b7laboraci\u00f3 del Club Crack de nataci\u00f3.<\/span><\/p>\n<p><a href=\"https:\/\/photos.app.goo.gl\/w6vMRD6rhm8gP6NF9\">\u00c0lbum de fotos<\/a><\/p>\n","protected":false},"excerpt":{"rendered":"<p><a href=\"https:\/\/agora.xtec.cat\/ceipgranullarius\/wp-content\/uploads\/usu769\/2022\/08\/2.-PORTADA-3024-x-2268-scaled.jpg\"><\/a><br \/>\nEls nens i les nenes des de primer fins a sis\u00e8 vam poder gaudir d&#8217;aquestes jornades l\u00fadico-aqu\u00e0tiques\u00a0 on s\u2019ho van passar molt b\u00e9. S\u00f3n les primeres jornades organitzades per l\u2019escola amb la col\u00b7laboraci\u00f3 del Club Crack de nataci\u00f3.<br \/>\n<a href=\"https:\/\/photos.app.goo.gl\/w6vMRD6rhm8gP6NF9\">\u00c0lbum de fotos<\/a><\/p>\n","protected":false},"author":1,"featured_media":0,"comment_status":"closed","ping_status":"closed","sticky":false,"template":"","format":"standard","meta":{"_bbp_topic_count":0,"_bbp_reply_count":0,"_bbp_total_topic_count":0,"_bbp_total_reply_count":0,"_bbp_voice_count":0,"_bbp_anonymous_reply_count":0,"_bbp_topic_count_hidden":0,"_bbp_reply_count_hidden":0,"_bbp_forum_subforum_count":0,"footnotes":""},"categories":[1,4],"tags":[],"class_list":["post-3105","post","type-post","status-publish","format-standard","hentry","category-general","category-portada"],"post_mailing_queue_ids":[],"_links":{"self":[{"href":"https:\/\/agora.xtec.cat\/ceipgranullarius\/wp-json\/wp\/v2\/posts\/3105","targetHints":{"allow":["GET"]}}],"collection":[{"href":"https:\/\/agora.xtec.cat\/ceipgranullarius\/wp-json\/wp\/v2\/posts"}],"about":[{"href":"https:\/\/agora.xtec.cat\/ceipgranullarius\/wp-json\/wp\/v2\/types\/post"}],"author":[{"embeddable":true,"href":"https:\/\/agora.xtec.cat\/ceipgranullarius\/wp-json\/wp\/v2\/users\/1"}],"replies":[{"embeddable":true,"href":"https:\/\/agora.xtec.cat\/ceipgranullarius\/wp-json\/wp\/v2\/comments?post=3105"}],"version-history":[{"count":2,"href":"https:\/\/agora.xtec.cat\/ceipgranullarius\/wp-json\/wp\/v2\/posts\/3105\/revisions"}],"predecessor-version":[{"id":3108,"href":"https:\/\/agora.xtec.cat\/ceipgranullarius\/wp-json\/wp\/v2\/posts\/3105\/revisions\/3108"}],"wp:attachment":[{"href":"https:\/\/agora.xtec.cat\/ceipgranullarius\/wp-json\/wp\/v2\/media?parent=3105"}],"wp:term":[{"taxonomy":"category","embeddable":true,"href":"https:\/\/agora.xtec.cat\/ceipgranullarius\/wp-json\/wp\/v2\/categories?post=3105"},{"taxonomy":"post_tag","embeddable":true,"href":"https:\/\/agora.xtec.cat\/ceipgranullarius\/wp-json\/wp\/v2\/tags?post=3105"}],"curies":[{"name":"wp","href":"https:\/\/api.w.org\/{rel}","templated":true}]}}