{"id":3045,"date":"2022-06-22T11:09:48","date_gmt":"2022-06-22T09:09:48","guid":{"rendered":"https:\/\/agora.xtec.cat\/ceipgranullarius\/?p=3045"},"modified":"2022-06-22T11:11:39","modified_gmt":"2022-06-22T09:11:39","slug":"balls-de-final-de-curs-21-22","status":"publish","type":"post","link":"https:\/\/agora.xtec.cat\/ceipgranullarius\/educacio-infantil\/balls-de-final-de-curs-21-22\/","title":{"rendered":"Balls de final de curs 21-22"},"content":{"rendered":"<p style=\"text-align: center;\"><a href=\"https:\/\/agora.xtec.cat\/ceipgranullarius\/wp-content\/uploads\/usu769\/2022\/06\/web.jpg\"><img loading=\"lazy\" decoding=\"async\" class=\"aligncenter size-medium wp-image-3046\" src=\"https:\/\/agora.xtec.cat\/ceipgranullarius\/wp-content\/uploads\/usu769\/2022\/06\/web-300x158.jpg\" alt=\"\" width=\"300\" height=\"158\" srcset=\"https:\/\/agora.xtec.cat\/ceipgranullarius\/wp-content\/uploads\/usu769\/2022\/06\/web-300x158.jpg 300w, https:\/\/agora.xtec.cat\/ceipgranullarius\/wp-content\/uploads\/usu769\/2022\/06\/web-1024x538.jpg 1024w, https:\/\/agora.xtec.cat\/ceipgranullarius\/wp-content\/uploads\/usu769\/2022\/06\/web-768x404.jpg 768w, https:\/\/agora.xtec.cat\/ceipgranullarius\/wp-content\/uploads\/usu769\/2022\/06\/web.jpg 1292w\" sizes=\"auto, (max-width: 300px) 100vw, 300px\" \/><\/a><\/p>\n<p>Aquest any hem tingut una festa &#8220;passada per aigua&#8221; per aquesta ra\u00f3, els balls de P3, P4 i P5 s&#8217;han fet al pati exterior per\u00f2 els de prim\u00e0ria s&#8217;han hagut de fer a l&#8217;interior del gimn\u00e0s.<\/p>\n<p>Demanem disculpes a totes les fam\u00edlies per les incomoditats que aquest fet hagi pogut causat.<\/p>\n<p>En tot cas, els balls han estat un \u00e8xit !!<\/p>\n<p><a href=\"https:\/\/photos.app.goo.gl\/5C7dZmTULE1rATTM6\">Veure els v\u00eddeos.<\/a><\/p>\n","protected":false},"excerpt":{"rendered":"<p><a href=\"https:\/\/agora.xtec.cat\/ceipgranullarius\/wp-content\/uploads\/usu769\/2022\/06\/web.jpg\"><\/a><br \/>\nAquest any hem tingut una festa &#8220;passada per aigua&#8221; per aquesta ra\u00f3, els balls de P3, P4 i P5 s&#8217;han fet al pati exterior per\u00f2 els de prim\u00e0ria s&#8217;han hagut de fer a l&#8217;interior del gimn\u00e0s.<br \/>\nDemanem disculpes a totes les fam\u00edlies per les incomoditats&hellip;  <a href=\"https:\/\/agora.xtec.cat\/ceipgranullarius\/educacio-infantil\/balls-de-final-de-curs-21-22\/\" title=\"Read Balls de final de curs 21-22\">Llegeix m\u00e9s\u00bb<\/a><\/p>\n","protected":false},"author":1,"featured_media":0,"comment_status":"closed","ping_status":"closed","sticky":false,"template":"","format":"standard","meta":{"_bbp_topic_count":0,"_bbp_reply_count":0,"_bbp_total_topic_count":0,"_bbp_total_reply_count":0,"_bbp_voice_count":0,"_bbp_anonymous_reply_count":0,"_bbp_topic_count_hidden":0,"_bbp_reply_count_hidden":0,"_bbp_forum_subforum_count":0,"footnotes":""},"categories":[2,4],"tags":[],"class_list":["post-3045","post","type-post","status-publish","format-standard","hentry","category-educacio-infantil","category-portada"],"post_mailing_queue_ids":[],"_links":{"self":[{"href":"https:\/\/agora.xtec.cat\/ceipgranullarius\/wp-json\/wp\/v2\/posts\/3045","targetHints":{"allow":["GET"]}}],"collection":[{"href":"https:\/\/agora.xtec.cat\/ceipgranullarius\/wp-json\/wp\/v2\/posts"}],"about":[{"href":"https:\/\/agora.xtec.cat\/ceipgranullarius\/wp-json\/wp\/v2\/types\/post"}],"author":[{"embeddable":true,"href":"https:\/\/agora.xtec.cat\/ceipgranullarius\/wp-json\/wp\/v2\/users\/1"}],"replies":[{"embeddable":true,"href":"https:\/\/agora.xtec.cat\/ceipgranullarius\/wp-json\/wp\/v2\/comments?post=3045"}],"version-history":[{"count":3,"href":"https:\/\/agora.xtec.cat\/ceipgranullarius\/wp-json\/wp\/v2\/posts\/3045\/revisions"}],"predecessor-version":[{"id":3049,"href":"https:\/\/agora.xtec.cat\/ceipgranullarius\/wp-json\/wp\/v2\/posts\/3045\/revisions\/3049"}],"wp:attachment":[{"href":"https:\/\/agora.xtec.cat\/ceipgranullarius\/wp-json\/wp\/v2\/media?parent=3045"}],"wp:term":[{"taxonomy":"category","embeddable":true,"href":"https:\/\/agora.xtec.cat\/ceipgranullarius\/wp-json\/wp\/v2\/categories?post=3045"},{"taxonomy":"post_tag","embeddable":true,"href":"https:\/\/agora.xtec.cat\/ceipgranullarius\/wp-json\/wp\/v2\/tags?post=3045"}],"curies":[{"name":"wp","href":"https:\/\/api.w.org\/{rel}","templated":true}]}}