{"id":3041,"date":"2022-06-21T12:05:29","date_gmt":"2022-06-21T10:05:29","guid":{"rendered":"https:\/\/agora.xtec.cat\/ceipgranullarius\/?p=3041"},"modified":"2022-06-21T12:05:29","modified_gmt":"2022-06-21T10:05:29","slug":"projecte-cueme-6e-a-2","status":"publish","type":"post","link":"https:\/\/agora.xtec.cat\/ceipgranullarius\/portada\/projecte-cueme-6e-a-2\/","title":{"rendered":"Projecte CuEmE 6\u00e8 A"},"content":{"rendered":"<p style=\"text-align: center;\"><a href=\"https:\/\/agora.xtec.cat\/ceipgranullarius\/wp-content\/uploads\/usu769\/2022\/06\/PORTADA-600-x-449.jpg\"><img loading=\"lazy\" decoding=\"async\" class=\"aligncenter size-medium wp-image-3042\" src=\"https:\/\/agora.xtec.cat\/ceipgranullarius\/wp-content\/uploads\/usu769\/2022\/06\/PORTADA-600-x-449-300x225.jpg\" alt=\"\" width=\"300\" height=\"225\" srcset=\"https:\/\/agora.xtec.cat\/ceipgranullarius\/wp-content\/uploads\/usu769\/2022\/06\/PORTADA-600-x-449-300x225.jpg 300w, https:\/\/agora.xtec.cat\/ceipgranullarius\/wp-content\/uploads\/usu769\/2022\/06\/PORTADA-600-x-449-200x150.jpg 200w, https:\/\/agora.xtec.cat\/ceipgranullarius\/wp-content\/uploads\/usu769\/2022\/06\/PORTADA-600-x-449.jpg 600w\" sizes=\"auto, (max-width: 300px) 100vw, 300px\" \/><\/a><\/p>\n<p><span style=\"font-weight: 400;\">Els i les alumnes de 6\u00e8 A, com a activitat final del projecte CUEmE que hem realitzat al llarg d\u2019aquest curs, vam anar a la Fundaci\u00f3 EL XIPRER a fer la nostra aportaci\u00f3 econ\u00f2mica al meravell\u00f3s projecte social que duen a terme.<\/span><\/p>\n<p><span style=\"font-weight: 400;\">A m\u00e9s, amb la resta dels beneficis generats per la nostra cooperativa, vam decidir anar a la piscina, on vam coincidir amb els i les companyes de 6\u00e8 B, i fer un petit pica-pica amb begudes ben fresquetes\u2026 Aix\u00ed s\u00ed que es pot aguantar aquesta calor!<\/span><\/p>\n<p><a href=\"https:\/\/photos.app.goo.gl\/QVBXnBTSt4sNWvPV7\">\u00c0lbum de fotos.<\/a><\/p>\n","protected":false},"excerpt":{"rendered":"<p><a href=\"https:\/\/agora.xtec.cat\/ceipgranullarius\/wp-content\/uploads\/usu769\/2022\/06\/PORTADA-600-x-449.jpg\"><\/a><br \/>\nEls i les alumnes de 6\u00e8 A, com a activitat final del projecte CUEmE que hem realitzat al llarg d\u2019aquest curs, vam anar a la Fundaci\u00f3 EL XIPRER a fer la nostra aportaci\u00f3 econ\u00f2mica al meravell\u00f3s projecte social que duen a terme.<br \/>\nA m\u00e9s, amb&hellip;  <a href=\"https:\/\/agora.xtec.cat\/ceipgranullarius\/portada\/projecte-cueme-6e-a-2\/\" title=\"Read Projecte CuEmE 6\u00e8 A\">Llegeix m\u00e9s\u00bb<\/a><\/p>\n","protected":false},"author":1,"featured_media":0,"comment_status":"closed","ping_status":"closed","sticky":false,"template":"","format":"standard","meta":{"_bbp_topic_count":0,"_bbp_reply_count":0,"_bbp_total_topic_count":0,"_bbp_total_reply_count":0,"_bbp_voice_count":0,"_bbp_anonymous_reply_count":0,"_bbp_topic_count_hidden":0,"_bbp_reply_count_hidden":0,"_bbp_forum_subforum_count":0,"footnotes":""},"categories":[15,4],"tags":[],"class_list":["post-3041","post","type-post","status-publish","format-standard","hentry","category-6e","category-portada"],"post_mailing_queue_ids":[],"_links":{"self":[{"href":"https:\/\/agora.xtec.cat\/ceipgranullarius\/wp-json\/wp\/v2\/posts\/3041","targetHints":{"allow":["GET"]}}],"collection":[{"href":"https:\/\/agora.xtec.cat\/ceipgranullarius\/wp-json\/wp\/v2\/posts"}],"about":[{"href":"https:\/\/agora.xtec.cat\/ceipgranullarius\/wp-json\/wp\/v2\/types\/post"}],"author":[{"embeddable":true,"href":"https:\/\/agora.xtec.cat\/ceipgranullarius\/wp-json\/wp\/v2\/users\/1"}],"replies":[{"embeddable":true,"href":"https:\/\/agora.xtec.cat\/ceipgranullarius\/wp-json\/wp\/v2\/comments?post=3041"}],"version-history":[{"count":1,"href":"https:\/\/agora.xtec.cat\/ceipgranullarius\/wp-json\/wp\/v2\/posts\/3041\/revisions"}],"predecessor-version":[{"id":3043,"href":"https:\/\/agora.xtec.cat\/ceipgranullarius\/wp-json\/wp\/v2\/posts\/3041\/revisions\/3043"}],"wp:attachment":[{"href":"https:\/\/agora.xtec.cat\/ceipgranullarius\/wp-json\/wp\/v2\/media?parent=3041"}],"wp:term":[{"taxonomy":"category","embeddable":true,"href":"https:\/\/agora.xtec.cat\/ceipgranullarius\/wp-json\/wp\/v2\/categories?post=3041"},{"taxonomy":"post_tag","embeddable":true,"href":"https:\/\/agora.xtec.cat\/ceipgranullarius\/wp-json\/wp\/v2\/tags?post=3041"}],"curies":[{"name":"wp","href":"https:\/\/api.w.org\/{rel}","templated":true}]}}