{"id":3003,"date":"2022-06-03T11:06:52","date_gmt":"2022-06-03T09:06:52","guid":{"rendered":"https:\/\/agora.xtec.cat\/ceipgranullarius\/?p=3003"},"modified":"2022-06-03T11:06:52","modified_gmt":"2022-06-03T09:06:52","slug":"sortida-museu-blau-1r","status":"publish","type":"post","link":"https:\/\/agora.xtec.cat\/ceipgranullarius\/portada\/sortida-museu-blau-1r\/","title":{"rendered":"SORTIDA MUSEU BLAU 1r"},"content":{"rendered":"<p style=\"text-align: center;\"><a href=\"https:\/\/agora.xtec.cat\/ceipgranullarius\/wp-content\/uploads\/usu769\/2022\/06\/2.-Portada-1-scaled.jpg\"><img loading=\"lazy\" decoding=\"async\" class=\"aligncenter size-large wp-image-3004\" src=\"https:\/\/agora.xtec.cat\/ceipgranullarius\/wp-content\/uploads\/usu769\/2022\/06\/2.-Portada-1-1024x662.jpg\" alt=\"\" width=\"1024\" height=\"662\" srcset=\"https:\/\/agora.xtec.cat\/ceipgranullarius\/wp-content\/uploads\/usu769\/2022\/06\/2.-Portada-1-1024x662.jpg 1024w, https:\/\/agora.xtec.cat\/ceipgranullarius\/wp-content\/uploads\/usu769\/2022\/06\/2.-Portada-1-300x194.jpg 300w, https:\/\/agora.xtec.cat\/ceipgranullarius\/wp-content\/uploads\/usu769\/2022\/06\/2.-Portada-1-768x496.jpg 768w, https:\/\/agora.xtec.cat\/ceipgranullarius\/wp-content\/uploads\/usu769\/2022\/06\/2.-Portada-1-1536x993.jpg 1536w, https:\/\/agora.xtec.cat\/ceipgranullarius\/wp-content\/uploads\/usu769\/2022\/06\/2.-Portada-1-2048x1324.jpg 2048w\" sizes=\"auto, (max-width: 1024px) 100vw, 1024px\" \/><\/a><\/p>\n<p><span style=\"font-weight: 400;\">El dimarts 24 de maig els nens i nenes de 1r hem anat al Museu Blau (Museu de Ci\u00e8ncies Naturals) de Barcelona. Hem visitat el Museu i hem fet el taller \u201cTot canvia?\u201d, on hem escoltat un conte, hem investigat amb diferents materials de la natura i hem reflexionat sobre el canvi en el m\u00f3n natural.\u00a0<\/span><\/p>\n<p><span style=\"font-weight: 400;\">Despr\u00e9s hem anat a la platja del F\u00f2rum a dinar, jugar i a mullar-nos els peus.<\/span><\/p>\n<p><span style=\"font-weight: 400;\">Ens ho hem passat d\u2019all\u00f2 m\u00e9s b\u00e9!<\/span><\/p>\n<p><a href=\"https:\/\/photos.app.goo.gl\/KrRCvCZwa3LhHmmPA\">\u00c0lbum de fotos.<\/a><\/p>\n","protected":false},"excerpt":{"rendered":"<p><a href=\"https:\/\/agora.xtec.cat\/ceipgranullarius\/wp-content\/uploads\/usu769\/2022\/06\/2.-Portada-1-scaled.jpg\"><\/a><br \/>\nEl dimarts 24 de maig els nens i nenes de 1r hem anat al Museu Blau (Museu de Ci\u00e8ncies Naturals) de Barcelona. Hem visitat el Museu i hem fet el taller \u201cTot canvia?\u201d, on hem escoltat un conte, hem investigat amb diferents materials de&hellip;  <a href=\"https:\/\/agora.xtec.cat\/ceipgranullarius\/portada\/sortida-museu-blau-1r\/\" title=\"Read SORTIDA MUSEU BLAU 1r\">Llegeix m\u00e9s\u00bb<\/a><\/p>\n","protected":false},"author":1,"featured_media":0,"comment_status":"closed","ping_status":"closed","sticky":false,"template":"","format":"standard","meta":{"_bbp_topic_count":0,"_bbp_reply_count":0,"_bbp_total_topic_count":0,"_bbp_total_reply_count":0,"_bbp_voice_count":0,"_bbp_anonymous_reply_count":0,"_bbp_topic_count_hidden":0,"_bbp_reply_count_hidden":0,"_bbp_forum_subforum_count":0,"footnotes":""},"categories":[10,4],"tags":[],"class_list":["post-3003","post","type-post","status-publish","format-standard","hentry","category-1r","category-portada"],"post_mailing_queue_ids":[],"_links":{"self":[{"href":"https:\/\/agora.xtec.cat\/ceipgranullarius\/wp-json\/wp\/v2\/posts\/3003","targetHints":{"allow":["GET"]}}],"collection":[{"href":"https:\/\/agora.xtec.cat\/ceipgranullarius\/wp-json\/wp\/v2\/posts"}],"about":[{"href":"https:\/\/agora.xtec.cat\/ceipgranullarius\/wp-json\/wp\/v2\/types\/post"}],"author":[{"embeddable":true,"href":"https:\/\/agora.xtec.cat\/ceipgranullarius\/wp-json\/wp\/v2\/users\/1"}],"replies":[{"embeddable":true,"href":"https:\/\/agora.xtec.cat\/ceipgranullarius\/wp-json\/wp\/v2\/comments?post=3003"}],"version-history":[{"count":1,"href":"https:\/\/agora.xtec.cat\/ceipgranullarius\/wp-json\/wp\/v2\/posts\/3003\/revisions"}],"predecessor-version":[{"id":3005,"href":"https:\/\/agora.xtec.cat\/ceipgranullarius\/wp-json\/wp\/v2\/posts\/3003\/revisions\/3005"}],"wp:attachment":[{"href":"https:\/\/agora.xtec.cat\/ceipgranullarius\/wp-json\/wp\/v2\/media?parent=3003"}],"wp:term":[{"taxonomy":"category","embeddable":true,"href":"https:\/\/agora.xtec.cat\/ceipgranullarius\/wp-json\/wp\/v2\/categories?post=3003"},{"taxonomy":"post_tag","embeddable":true,"href":"https:\/\/agora.xtec.cat\/ceipgranullarius\/wp-json\/wp\/v2\/tags?post=3003"}],"curies":[{"name":"wp","href":"https:\/\/api.w.org\/{rel}","templated":true}]}}