{"id":2996,"date":"2022-06-01T15:37:34","date_gmt":"2022-06-01T13:37:34","guid":{"rendered":"https:\/\/agora.xtec.cat\/ceipgranullarius\/?p=2996"},"modified":"2022-06-01T16:21:15","modified_gmt":"2022-06-01T14:21:15","slug":"sortida-de-3r-a-la-casa-mogent-2","status":"publish","type":"post","link":"https:\/\/agora.xtec.cat\/ceipgranullarius\/portada\/sortida-de-3r-a-la-casa-mogent-2\/","title":{"rendered":"Sortida de 3r a la Casa Mogent\u00a0"},"content":{"rendered":"<p style=\"text-align: center;\"><a href=\"https:\/\/agora.xtec.cat\/ceipgranullarius\/wp-content\/uploads\/usu769\/2022\/06\/0.-Portada-Reciclatge.png\"><img loading=\"lazy\" decoding=\"async\" class=\"aligncenter size-large wp-image-2998\" src=\"https:\/\/agora.xtec.cat\/ceipgranullarius\/wp-content\/uploads\/usu769\/2022\/06\/0.-Portada-Reciclatge.png\" alt=\"\" width=\"596\" height=\"547\" srcset=\"https:\/\/agora.xtec.cat\/ceipgranullarius\/wp-content\/uploads\/usu769\/2022\/06\/0.-Portada-Reciclatge.png 596w, https:\/\/agora.xtec.cat\/ceipgranullarius\/wp-content\/uploads\/usu769\/2022\/06\/0.-Portada-Reciclatge-300x275.png 300w\" sizes=\"auto, (max-width: 596px) 100vw, 596px\" \/><\/a><\/p>\n<p><span style=\"font-weight: 400;\">El passat dimarts 10 de maig els alumnes de 3r van anar d\u2019excursi\u00f3 a la Casa de Col\u00f2nies Mogent (Llinars del Vall\u00e8s). All\u00e0 vam fer tot un seguit d\u2019activitats, tallers, circuits i jocs sobre el reciclatge. Ha estat una bona manera de motivar i consolidar els aprenentatges sobre el medi ambient que estem fent tant a medi com amb un projecte en angl\u00e8s anomenat\u00a0 \u201c<\/span><i><span style=\"font-weight: 400;\">Save the planet<\/span><\/i><span style=\"font-weight: 400;\">\u201d.<\/span><\/p>\n<p>&nbsp;<\/p>\n<p><a href=\"https:\/\/photos.app.goo.gl\/U73LZEyPdKFPVFU68\"><span style=\"font-weight: 400;\">Aqu\u00ed us deixem unes quantes fotografies de la sortida.\u00a0<\/span><\/a><\/p>\n","protected":false},"excerpt":{"rendered":"<p><a href=\"https:\/\/agora.xtec.cat\/ceipgranullarius\/wp-content\/uploads\/usu769\/2022\/06\/0.-Portada-Reciclatge.png\"><\/a><br \/>\nEl passat dimarts 10 de maig els alumnes de 3r van anar d\u2019excursi\u00f3 a la Casa de Col\u00f2nies Mogent (Llinars del Vall\u00e8s). All\u00e0 vam fer tot un seguit d\u2019activitats, tallers, circuits i jocs sobre el reciclatge. Ha estat una bona manera de motivar i&hellip;  <a href=\"https:\/\/agora.xtec.cat\/ceipgranullarius\/portada\/sortida-de-3r-a-la-casa-mogent-2\/\" title=\"Read Sortida de 3r a la Casa Mogent\u00a0\">Llegeix m\u00e9s\u00bb<\/a><\/p>\n","protected":false},"author":1,"featured_media":0,"comment_status":"closed","ping_status":"closed","sticky":false,"template":"","format":"standard","meta":{"_bbp_topic_count":0,"_bbp_reply_count":0,"_bbp_total_topic_count":0,"_bbp_total_reply_count":0,"_bbp_voice_count":0,"_bbp_anonymous_reply_count":0,"_bbp_topic_count_hidden":0,"_bbp_reply_count_hidden":0,"_bbp_forum_subforum_count":0,"footnotes":""},"categories":[12,4],"tags":[],"class_list":["post-2996","post","type-post","status-publish","format-standard","hentry","category-3r","category-portada"],"post_mailing_queue_ids":[],"_links":{"self":[{"href":"https:\/\/agora.xtec.cat\/ceipgranullarius\/wp-json\/wp\/v2\/posts\/2996","targetHints":{"allow":["GET"]}}],"collection":[{"href":"https:\/\/agora.xtec.cat\/ceipgranullarius\/wp-json\/wp\/v2\/posts"}],"about":[{"href":"https:\/\/agora.xtec.cat\/ceipgranullarius\/wp-json\/wp\/v2\/types\/post"}],"author":[{"embeddable":true,"href":"https:\/\/agora.xtec.cat\/ceipgranullarius\/wp-json\/wp\/v2\/users\/1"}],"replies":[{"embeddable":true,"href":"https:\/\/agora.xtec.cat\/ceipgranullarius\/wp-json\/wp\/v2\/comments?post=2996"}],"version-history":[{"count":1,"href":"https:\/\/agora.xtec.cat\/ceipgranullarius\/wp-json\/wp\/v2\/posts\/2996\/revisions"}],"predecessor-version":[{"id":2999,"href":"https:\/\/agora.xtec.cat\/ceipgranullarius\/wp-json\/wp\/v2\/posts\/2996\/revisions\/2999"}],"wp:attachment":[{"href":"https:\/\/agora.xtec.cat\/ceipgranullarius\/wp-json\/wp\/v2\/media?parent=2996"}],"wp:term":[{"taxonomy":"category","embeddable":true,"href":"https:\/\/agora.xtec.cat\/ceipgranullarius\/wp-json\/wp\/v2\/categories?post=2996"},{"taxonomy":"post_tag","embeddable":true,"href":"https:\/\/agora.xtec.cat\/ceipgranullarius\/wp-json\/wp\/v2\/tags?post=2996"}],"curies":[{"name":"wp","href":"https:\/\/api.w.org\/{rel}","templated":true}]}}