{"id":2988,"date":"2022-05-30T11:34:57","date_gmt":"2022-05-30T09:34:57","guid":{"rendered":"https:\/\/agora.xtec.cat\/ceipgranullarius\/?p=2988"},"modified":"2022-05-30T11:34:57","modified_gmt":"2022-05-30T09:34:57","slug":"portes-obertes-2022","status":"publish","type":"post","link":"https:\/\/agora.xtec.cat\/ceipgranullarius\/general\/portes-obertes-2022\/","title":{"rendered":"Portes Obertes 2022"},"content":{"rendered":"<p style=\"text-align: center;\"><a href=\"https:\/\/agora.xtec.cat\/ceipgranullarius\/wp-content\/uploads\/usu769\/2022\/02\/1.-PORTADA-PORTES-OBERTES-707-x-1000.jpg\"><img loading=\"lazy\" decoding=\"async\" class=\"aligncenter size-full wp-image-2709\" src=\"https:\/\/agora.xtec.cat\/ceipgranullarius\/wp-content\/uploads\/usu769\/2022\/02\/1.-PORTADA-PORTES-OBERTES-707-x-1000.jpg\" alt=\"\" width=\"707\" height=\"1000\" srcset=\"https:\/\/agora.xtec.cat\/ceipgranullarius\/wp-content\/uploads\/usu769\/2022\/02\/1.-PORTADA-PORTES-OBERTES-707-x-1000.jpg 707w, https:\/\/agora.xtec.cat\/ceipgranullarius\/wp-content\/uploads\/usu769\/2022\/02\/1.-PORTADA-PORTES-OBERTES-707-x-1000-212x300.jpg 212w\" sizes=\"auto, (max-width: 707px) 100vw, 707px\" \/><\/a><\/p>\n<p style=\"text-align: center;\"><span style=\"font-weight: 400;\">Reuni\u00f3 informativa 2 mar\u00e7 a les 18:00h.<\/span><\/p>\n<p style=\"text-align: center;\"><span style=\"font-weight: 400;\"> <a href=\"http:\/\/meet.google.com\/rii-fmuu-zfw\">Feu clic aqu\u00ed per connectar-vos via Meet.<\/a><\/span><\/p>\n<p>&nbsp;<\/p>\n<p style=\"text-align: center;\"><span style=\"font-weight: 400;\">Formulari per visitar l\u2019escola presencialment de 6 mar\u00e7 de 10:00h a 13:00h:<\/span><\/p>\n<p style=\"text-align: center;\"><a href=\"https:\/\/forms.gle\/WyYKBTS4gEaXm6Np7\">Feu clic aqu\u00ed per omplir el formulari.<\/a><\/p>\n<p style=\"text-align: center;\"><span style=\"font-weight: 400;\">Si voleu con\u00e8ixer m\u00e9s sobre la nostra escola, podeu veure aquest v\u00eddeo:<\/span><\/p>\n<p style=\"text-align: center;\"><iframe loading=\"lazy\" src=\"\/\/www.youtube.com\/embed\/65_uOYS3wSE\" width=\"560\" height=\"314\" allowfullscreen=\"allowfullscreen\" data-mce-fragment=\"1\"><\/iframe><\/p>\n<p style=\"text-align: center;\"><span style=\"font-weight: 400;\">tamb\u00e9 podeu consultar el <\/span><a href=\"https:\/\/drive.google.com\/file\/d\/1R-jyYDiF0LAW6FU1l1IcIP3sbSBKfY4v\/view?usp=sharing\"><span style=\"font-weight: 400;\">tr\u00edptic informatiu,<\/span><\/a><\/p>\n<p style=\"text-align: center;\">O fer una visita virtual a les nostres instal.lacions:<\/p>\n<table class=\" aligncenter\" style=\"width: 59.6976%; border-collapse: collapse; height: 1483px;\">\n<tbody>\n<tr style=\"height: 32px;\">\n<td style=\"width: 100%; text-align: center; height: 32px;\"><strong>ESPAIS EXTERIORS I MOSAIC<\/strong><\/td>\n<\/tr>\n<tr style=\"height: 335px;\">\n<td style=\"width: 100%; height: 335px;\"><iframe loading=\"lazy\" src=\"\/\/www.youtube.com\/embed\/A0iX0TL7AeM\" width=\"560\" height=\"314\" allowfullscreen=\"allowfullscreen\" data-mce-fragment=\"1\"><\/iframe><\/td>\n<\/tr>\n<tr style=\"height: 32px;\">\n<td style=\"width: 100%; text-align: center; height: 32px;\"><strong>PLANTA BAIXA<\/strong><\/td>\n<\/tr>\n<tr style=\"height: 335px;\">\n<td style=\"width: 100%; height: 335px;\"><iframe loading=\"lazy\" src=\"\/\/www.youtube.com\/embed\/CYQRKc4ZX6c\" width=\"560\" height=\"314\" allowfullscreen=\"allowfullscreen\" data-mce-fragment=\"1\"><\/iframe><\/td>\n<\/tr>\n<tr style=\"height: 32px;\">\n<td style=\"width: 100%; text-align: center; height: 32px;\"><strong>PRIMERA PLANTA<\/strong><\/td>\n<\/tr>\n<tr style=\"height: 335px;\">\n<td style=\"width: 100%; height: 335px;\"><iframe loading=\"lazy\" src=\"\/\/www.youtube.com\/embed\/nYZgcfpaZgo\" width=\"560\" height=\"314\" allowfullscreen=\"allowfullscreen\" data-mce-fragment=\"1\"><\/iframe><\/td>\n<\/tr>\n<tr style=\"height: 32px;\">\n<td style=\"width: 100%; text-align: center; height: 32px;\"><strong>SEGONA PLANTA<\/strong><\/td>\n<\/tr>\n<tr style=\"height: 32px;\">\n<td style=\"width: 100%; height: 32px;\"><iframe loading=\"lazy\" src=\"\/\/www.youtube.com\/embed\/Z868VIHzQpc\" width=\"560\" height=\"314\" allowfullscreen=\"allowfullscreen\" data-mce-fragment=\"1\"><\/iframe><\/td>\n<\/tr>\n<\/tbody>\n<\/table>\n<p>&nbsp;<\/p>\n","protected":false},"excerpt":{"rendered":"<p><a href=\"https:\/\/agora.xtec.cat\/ceipgranullarius\/wp-content\/uploads\/usu769\/2022\/02\/1.-PORTADA-PORTES-OBERTES-707-x-1000.jpg\"><\/a><br \/>\nReuni\u00f3 informativa 2 mar\u00e7 a les 18:00h.<br \/>\n <a href=\"http:\/\/meet.google.com\/rii-fmuu-zfw\">Feu clic aqu\u00ed per connectar-vos via Meet.<\/a><br \/>\n&nbsp;<br \/>\nFormulari per visitar l\u2019escola presencialment de 6 mar\u00e7 de 10:00h a 13:00h:<br \/>\n<a href=\"https:\/\/forms.gle\/WyYKBTS4gEaXm6Np7\">Feu clic aqu\u00ed per omplir el formulari.<\/a><br \/>\nSi voleu con\u00e8ixer m\u00e9s sobre la nostra escola, podeu veure aquest v\u00eddeo:<\/p>\n<p>tamb\u00e9&hellip;  <a href=\"https:\/\/agora.xtec.cat\/ceipgranullarius\/general\/portes-obertes-2022\/\" title=\"Read Portes Obertes 2022\">Llegeix m\u00e9s\u00bb<\/a><\/p>\n","protected":false},"author":1,"featured_media":0,"comment_status":"closed","ping_status":"closed","sticky":false,"template":"","format":"standard","meta":{"_bbp_topic_count":0,"_bbp_reply_count":0,"_bbp_total_topic_count":0,"_bbp_total_reply_count":0,"_bbp_voice_count":0,"_bbp_anonymous_reply_count":0,"_bbp_topic_count_hidden":0,"_bbp_reply_count_hidden":0,"_bbp_forum_subforum_count":0,"footnotes":""},"categories":[1,4],"tags":[],"class_list":["post-2988","post","type-post","status-publish","format-standard","hentry","category-general","category-portada"],"post_mailing_queue_ids":[],"_links":{"self":[{"href":"https:\/\/agora.xtec.cat\/ceipgranullarius\/wp-json\/wp\/v2\/posts\/2988","targetHints":{"allow":["GET"]}}],"collection":[{"href":"https:\/\/agora.xtec.cat\/ceipgranullarius\/wp-json\/wp\/v2\/posts"}],"about":[{"href":"https:\/\/agora.xtec.cat\/ceipgranullarius\/wp-json\/wp\/v2\/types\/post"}],"author":[{"embeddable":true,"href":"https:\/\/agora.xtec.cat\/ceipgranullarius\/wp-json\/wp\/v2\/users\/1"}],"replies":[{"embeddable":true,"href":"https:\/\/agora.xtec.cat\/ceipgranullarius\/wp-json\/wp\/v2\/comments?post=2988"}],"version-history":[{"count":1,"href":"https:\/\/agora.xtec.cat\/ceipgranullarius\/wp-json\/wp\/v2\/posts\/2988\/revisions"}],"predecessor-version":[{"id":2989,"href":"https:\/\/agora.xtec.cat\/ceipgranullarius\/wp-json\/wp\/v2\/posts\/2988\/revisions\/2989"}],"wp:attachment":[{"href":"https:\/\/agora.xtec.cat\/ceipgranullarius\/wp-json\/wp\/v2\/media?parent=2988"}],"wp:term":[{"taxonomy":"category","embeddable":true,"href":"https:\/\/agora.xtec.cat\/ceipgranullarius\/wp-json\/wp\/v2\/categories?post=2988"},{"taxonomy":"post_tag","embeddable":true,"href":"https:\/\/agora.xtec.cat\/ceipgranullarius\/wp-json\/wp\/v2\/tags?post=2988"}],"curies":[{"name":"wp","href":"https:\/\/api.w.org\/{rel}","templated":true}]}}