{"id":2958,"date":"2022-04-29T12:33:29","date_gmt":"2022-04-29T10:33:29","guid":{"rendered":"https:\/\/agora.xtec.cat\/ceipgranullarius\/?p=2958"},"modified":"2022-04-29T12:33:29","modified_gmt":"2022-04-29T10:33:29","slug":"tallers-de-plastica-a-cicle-mitja-2","status":"publish","type":"post","link":"https:\/\/agora.xtec.cat\/ceipgranullarius\/portada\/tallers-de-plastica-a-cicle-mitja-2\/","title":{"rendered":"TALLERS DE PL\u00c0STICA A CICLE MITJ\u00c0!"},"content":{"rendered":"<p style=\"text-align: center;\"><a href=\"https:\/\/agora.xtec.cat\/ceipgranullarius\/wp-content\/uploads\/usu769\/2022\/04\/2.-Portada-tallers-CM.jpg\"><img loading=\"lazy\" decoding=\"async\" class=\"aligncenter size-medium wp-image-2959\" src=\"https:\/\/agora.xtec.cat\/ceipgranullarius\/wp-content\/uploads\/usu769\/2022\/04\/2.-Portada-tallers-CM-300x300.jpg\" alt=\"\" width=\"300\" height=\"300\" srcset=\"https:\/\/agora.xtec.cat\/ceipgranullarius\/wp-content\/uploads\/usu769\/2022\/04\/2.-Portada-tallers-CM-300x300.jpg 300w, https:\/\/agora.xtec.cat\/ceipgranullarius\/wp-content\/uploads\/usu769\/2022\/04\/2.-Portada-tallers-CM-150x150.jpg 150w, https:\/\/agora.xtec.cat\/ceipgranullarius\/wp-content\/uploads\/usu769\/2022\/04\/2.-Portada-tallers-CM.jpg 700w\" sizes=\"auto, (max-width: 300px) 100vw, 300px\" \/><\/a><\/p>\n<p><span style=\"font-weight: 400;\">Els nens i nenes de 3r i 4t estem fent tallers de pl\u00e0stica els dijous a la tarda. Hi ha quatre tallers d\u2019artistes diferents: S.Dal\u00ed, D. Vel\u00e1zquez, K. Haring i V. Kandinsky. Dos dels tallers es fan en catal\u00e0 i dos en angl\u00e8s. Mireu qu\u00e8 b\u00e9 ens ho estem passant i quina exposici\u00f3 m\u00e9s xula hem fet al passad\u00eds!<\/span><\/p>\n<p><a href=\"https:\/\/photos.app.goo.gl\/aBdRQkZ7aSMKfGrYA\">\u00c0lbum de fotos.<\/a><\/p>\n","protected":false},"excerpt":{"rendered":"<p><a href=\"https:\/\/agora.xtec.cat\/ceipgranullarius\/wp-content\/uploads\/usu769\/2022\/04\/2.-Portada-tallers-CM.jpg\"><\/a><br \/>\nEls nens i nenes de 3r i 4t estem fent tallers de pl\u00e0stica els dijous a la tarda. Hi ha quatre tallers d\u2019artistes diferents: S.Dal\u00ed, D. Vel\u00e1zquez, K. Haring i V. Kandinsky. Dos dels tallers es fan en catal\u00e0 i dos en angl\u00e8s. Mireu&hellip;  <a href=\"https:\/\/agora.xtec.cat\/ceipgranullarius\/portada\/tallers-de-plastica-a-cicle-mitja-2\/\" title=\"Read TALLERS DE PL\u00c0STICA A CICLE MITJ\u00c0!\">Llegeix m\u00e9s\u00bb<\/a><\/p>\n","protected":false},"author":1,"featured_media":0,"comment_status":"closed","ping_status":"closed","sticky":false,"template":"","format":"standard","meta":{"_bbp_topic_count":0,"_bbp_reply_count":0,"_bbp_total_topic_count":0,"_bbp_total_reply_count":0,"_bbp_voice_count":0,"_bbp_anonymous_reply_count":0,"_bbp_topic_count_hidden":0,"_bbp_reply_count_hidden":0,"_bbp_forum_subforum_count":0,"footnotes":""},"categories":[12,13,4],"tags":[],"class_list":["post-2958","post","type-post","status-publish","format-standard","hentry","category-3r","category-4t","category-portada"],"post_mailing_queue_ids":[],"_links":{"self":[{"href":"https:\/\/agora.xtec.cat\/ceipgranullarius\/wp-json\/wp\/v2\/posts\/2958","targetHints":{"allow":["GET"]}}],"collection":[{"href":"https:\/\/agora.xtec.cat\/ceipgranullarius\/wp-json\/wp\/v2\/posts"}],"about":[{"href":"https:\/\/agora.xtec.cat\/ceipgranullarius\/wp-json\/wp\/v2\/types\/post"}],"author":[{"embeddable":true,"href":"https:\/\/agora.xtec.cat\/ceipgranullarius\/wp-json\/wp\/v2\/users\/1"}],"replies":[{"embeddable":true,"href":"https:\/\/agora.xtec.cat\/ceipgranullarius\/wp-json\/wp\/v2\/comments?post=2958"}],"version-history":[{"count":1,"href":"https:\/\/agora.xtec.cat\/ceipgranullarius\/wp-json\/wp\/v2\/posts\/2958\/revisions"}],"predecessor-version":[{"id":2960,"href":"https:\/\/agora.xtec.cat\/ceipgranullarius\/wp-json\/wp\/v2\/posts\/2958\/revisions\/2960"}],"wp:attachment":[{"href":"https:\/\/agora.xtec.cat\/ceipgranullarius\/wp-json\/wp\/v2\/media?parent=2958"}],"wp:term":[{"taxonomy":"category","embeddable":true,"href":"https:\/\/agora.xtec.cat\/ceipgranullarius\/wp-json\/wp\/v2\/categories?post=2958"},{"taxonomy":"post_tag","embeddable":true,"href":"https:\/\/agora.xtec.cat\/ceipgranullarius\/wp-json\/wp\/v2\/tags?post=2958"}],"curies":[{"name":"wp","href":"https:\/\/api.w.org\/{rel}","templated":true}]}}