{"id":2946,"date":"2022-04-28T19:49:18","date_gmt":"2022-04-28T17:49:18","guid":{"rendered":"https:\/\/agora.xtec.cat\/ceipgranullarius\/?p=2946"},"modified":"2022-04-28T19:49:18","modified_gmt":"2022-04-28T17:49:18","slug":"les-nostres-emocions-1r","status":"publish","type":"post","link":"https:\/\/agora.xtec.cat\/ceipgranullarius\/portada\/les-nostres-emocions-1r\/","title":{"rendered":"LES NOSTRES EMOCIONS 1r"},"content":{"rendered":"<p style=\"text-align: center;\"><a href=\"https:\/\/agora.xtec.cat\/ceipgranullarius\/wp-content\/uploads\/usu769\/2022\/04\/2-Portada.jpg\"><img loading=\"lazy\" decoding=\"async\" class=\"aligncenter size-medium wp-image-2947\" src=\"https:\/\/agora.xtec.cat\/ceipgranullarius\/wp-content\/uploads\/usu769\/2022\/04\/2-Portada-300x176.jpg\" alt=\"\" width=\"300\" height=\"176\" srcset=\"https:\/\/agora.xtec.cat\/ceipgranullarius\/wp-content\/uploads\/usu769\/2022\/04\/2-Portada-300x176.jpg 300w, https:\/\/agora.xtec.cat\/ceipgranullarius\/wp-content\/uploads\/usu769\/2022\/04\/2-Portada-768x450.jpg 768w, https:\/\/agora.xtec.cat\/ceipgranullarius\/wp-content\/uploads\/usu769\/2022\/04\/2-Portada.jpg 990w\" sizes=\"auto, (max-width: 300px) 100vw, 300px\" \/><\/a><\/p>\n<p><span style=\"font-weight: 400;\">Aquest curs els\/les alumnes de 1r estem treballant les <\/span><b>emocions b\u00e0siques<\/b><span style=\"font-weight: 400;\">: la <\/span><b>por<\/b><span style=\"font-weight: 400;\">, la <\/span><b>r\u00e0bia<\/b><span style=\"font-weight: 400;\">, la <\/span><b>tristesa, <\/b><span style=\"font-weight: 400;\">la<\/span><b> valentia, <\/b><span style=\"font-weight: 400;\">l\u2019<\/span><b>alegria<\/b><span style=\"font-weight: 400;\"> i l\u2019<\/span><b>amor, <\/b><span style=\"font-weight: 400;\">a trav\u00e9s de contes, converses profundes i diferents activitats.<\/span><\/p>\n<p><span style=\"font-weight: 400;\">Tenir clar quines s\u00f3n, ser capa\u00e7os de recon\u00e8ixer-les i autocontrolar-les, ens ajuda a saber com reaccionar quan les sentim en nosaltres mateixos i com actuar, de la millor manera, quan volem ajudar a un company o companya.\u00a0<\/span><\/p>\n<p><span style=\"font-weight: 400;\">Aqu\u00ed teniu algunes de les activitats que hem fet\u2026<\/span><\/p>\n<p><a href=\"https:\/\/photos.app.goo.gl\/YKoMRfcQ8nF2qvkE6\">\u00c0lbum de fotos.<\/a><\/p>\n","protected":false},"excerpt":{"rendered":"<p><a href=\"https:\/\/agora.xtec.cat\/ceipgranullarius\/wp-content\/uploads\/usu769\/2022\/04\/2-Portada.jpg\"><\/a><br \/>\nAquest curs els\/les alumnes de 1r estem treballant les emocions b\u00e0siques: la por, la r\u00e0bia, la tristesa, la valentia, l\u2019alegria i l\u2019amor, a trav\u00e9s de contes, converses profundes i diferents activitats.<br \/>\nTenir clar quines s\u00f3n, ser capa\u00e7os de recon\u00e8ixer-les i autocontrolar-les, ens ajuda a saber&hellip;  <a href=\"https:\/\/agora.xtec.cat\/ceipgranullarius\/portada\/les-nostres-emocions-1r\/\" title=\"Read LES NOSTRES EMOCIONS 1r\">Llegeix m\u00e9s\u00bb<\/a><\/p>\n","protected":false},"author":1,"featured_media":0,"comment_status":"closed","ping_status":"closed","sticky":false,"template":"","format":"standard","meta":{"_bbp_topic_count":0,"_bbp_reply_count":0,"_bbp_total_topic_count":0,"_bbp_total_reply_count":0,"_bbp_voice_count":0,"_bbp_anonymous_reply_count":0,"_bbp_topic_count_hidden":0,"_bbp_reply_count_hidden":0,"_bbp_forum_subforum_count":0,"footnotes":""},"categories":[10,4],"tags":[],"class_list":["post-2946","post","type-post","status-publish","format-standard","hentry","category-1r","category-portada"],"post_mailing_queue_ids":[],"_links":{"self":[{"href":"https:\/\/agora.xtec.cat\/ceipgranullarius\/wp-json\/wp\/v2\/posts\/2946","targetHints":{"allow":["GET"]}}],"collection":[{"href":"https:\/\/agora.xtec.cat\/ceipgranullarius\/wp-json\/wp\/v2\/posts"}],"about":[{"href":"https:\/\/agora.xtec.cat\/ceipgranullarius\/wp-json\/wp\/v2\/types\/post"}],"author":[{"embeddable":true,"href":"https:\/\/agora.xtec.cat\/ceipgranullarius\/wp-json\/wp\/v2\/users\/1"}],"replies":[{"embeddable":true,"href":"https:\/\/agora.xtec.cat\/ceipgranullarius\/wp-json\/wp\/v2\/comments?post=2946"}],"version-history":[{"count":1,"href":"https:\/\/agora.xtec.cat\/ceipgranullarius\/wp-json\/wp\/v2\/posts\/2946\/revisions"}],"predecessor-version":[{"id":2948,"href":"https:\/\/agora.xtec.cat\/ceipgranullarius\/wp-json\/wp\/v2\/posts\/2946\/revisions\/2948"}],"wp:attachment":[{"href":"https:\/\/agora.xtec.cat\/ceipgranullarius\/wp-json\/wp\/v2\/media?parent=2946"}],"wp:term":[{"taxonomy":"category","embeddable":true,"href":"https:\/\/agora.xtec.cat\/ceipgranullarius\/wp-json\/wp\/v2\/categories?post=2946"},{"taxonomy":"post_tag","embeddable":true,"href":"https:\/\/agora.xtec.cat\/ceipgranullarius\/wp-json\/wp\/v2\/tags?post=2946"}],"curies":[{"name":"wp","href":"https:\/\/api.w.org\/{rel}","templated":true}]}}