{"id":2934,"date":"2022-04-28T19:31:43","date_gmt":"2022-04-28T17:31:43","guid":{"rendered":"https:\/\/agora.xtec.cat\/ceipgranullarius\/?p=2934"},"modified":"2022-04-28T19:31:43","modified_gmt":"2022-04-28T17:31:43","slug":"tallers-de-plastica-a-cicle-inicial","status":"publish","type":"post","link":"https:\/\/agora.xtec.cat\/ceipgranullarius\/portada\/tallers-de-plastica-a-cicle-inicial\/","title":{"rendered":"TALLERS DE PL\u00c0STICA A CICLE INICIAL"},"content":{"rendered":"<p style=\"text-align: center;\"><a href=\"https:\/\/agora.xtec.cat\/ceipgranullarius\/wp-content\/uploads\/usu769\/2022\/04\/0-Portada-1.jpg\"><img loading=\"lazy\" decoding=\"async\" class=\"aligncenter size-medium wp-image-2935\" src=\"https:\/\/agora.xtec.cat\/ceipgranullarius\/wp-content\/uploads\/usu769\/2022\/04\/0-Portada-1-300x198.jpg\" alt=\"\" width=\"300\" height=\"198\" srcset=\"https:\/\/agora.xtec.cat\/ceipgranullarius\/wp-content\/uploads\/usu769\/2022\/04\/0-Portada-1-300x198.jpg 300w, https:\/\/agora.xtec.cat\/ceipgranullarius\/wp-content\/uploads\/usu769\/2022\/04\/0-Portada-1.jpg 700w\" sizes=\"auto, (max-width: 300px) 100vw, 300px\" \/><\/a><\/p>\n<p><span style=\"font-weight: 400;\">Cada dimecres, els nens i nenes de 1r i 2n, fem tallers de pl\u00e0stica. Utilitzem diferents t\u00e8cniques com modelatge amb plastilina o fang, <\/span><span style=\"font-weight: 400;\">papirofl\u00e8xia, puntillisme, calc, dibuix, <\/span><span style=\"font-weight: 400;\">pintura amb ceres, aquarel\u00b7les, t\u00e9mpera\u2026, sempre posant la nostra imaginaci\u00f3 i creativitat en les nostres produccions. Tamb\u00e9 treballem algun pintor i un dels tallers el fem en angl\u00e8s.\u00a0<\/span><\/p>\n<p><span style=\"font-weight: 400;\">Gaudim molt fent les nostres creacions i ja tenim ganes que torni a arribar el dimecres!!!<\/span><\/p>\n<p><a href=\"https:\/\/photos.app.goo.gl\/bWgkCfe9mwsLaK3Z9\">\u00c0lbum de fotos.<\/a><\/p>\n","protected":false},"excerpt":{"rendered":"<p><a href=\"https:\/\/agora.xtec.cat\/ceipgranullarius\/wp-content\/uploads\/usu769\/2022\/04\/0-Portada-1.jpg\"><\/a><br \/>\nCada dimecres, els nens i nenes de 1r i 2n, fem tallers de pl\u00e0stica. Utilitzem diferents t\u00e8cniques com modelatge amb plastilina o fang, papirofl\u00e8xia, puntillisme, calc, dibuix, pintura amb ceres, aquarel\u00b7les, t\u00e9mpera\u2026, sempre posant la nostra imaginaci\u00f3 i creativitat en les nostres produccions. Tamb\u00e9&hellip;  <a href=\"https:\/\/agora.xtec.cat\/ceipgranullarius\/portada\/tallers-de-plastica-a-cicle-inicial\/\" title=\"Read TALLERS DE PL\u00c0STICA A CICLE INICIAL\">Llegeix m\u00e9s\u00bb<\/a><\/p>\n","protected":false},"author":1,"featured_media":0,"comment_status":"closed","ping_status":"closed","sticky":false,"template":"","format":"standard","meta":{"_bbp_topic_count":0,"_bbp_reply_count":0,"_bbp_total_topic_count":0,"_bbp_total_reply_count":0,"_bbp_voice_count":0,"_bbp_anonymous_reply_count":0,"_bbp_topic_count_hidden":0,"_bbp_reply_count_hidden":0,"_bbp_forum_subforum_count":0,"footnotes":""},"categories":[10,11,4],"tags":[],"class_list":["post-2934","post","type-post","status-publish","format-standard","hentry","category-1r","category-2n","category-portada"],"post_mailing_queue_ids":[],"_links":{"self":[{"href":"https:\/\/agora.xtec.cat\/ceipgranullarius\/wp-json\/wp\/v2\/posts\/2934","targetHints":{"allow":["GET"]}}],"collection":[{"href":"https:\/\/agora.xtec.cat\/ceipgranullarius\/wp-json\/wp\/v2\/posts"}],"about":[{"href":"https:\/\/agora.xtec.cat\/ceipgranullarius\/wp-json\/wp\/v2\/types\/post"}],"author":[{"embeddable":true,"href":"https:\/\/agora.xtec.cat\/ceipgranullarius\/wp-json\/wp\/v2\/users\/1"}],"replies":[{"embeddable":true,"href":"https:\/\/agora.xtec.cat\/ceipgranullarius\/wp-json\/wp\/v2\/comments?post=2934"}],"version-history":[{"count":1,"href":"https:\/\/agora.xtec.cat\/ceipgranullarius\/wp-json\/wp\/v2\/posts\/2934\/revisions"}],"predecessor-version":[{"id":2936,"href":"https:\/\/agora.xtec.cat\/ceipgranullarius\/wp-json\/wp\/v2\/posts\/2934\/revisions\/2936"}],"wp:attachment":[{"href":"https:\/\/agora.xtec.cat\/ceipgranullarius\/wp-json\/wp\/v2\/media?parent=2934"}],"wp:term":[{"taxonomy":"category","embeddable":true,"href":"https:\/\/agora.xtec.cat\/ceipgranullarius\/wp-json\/wp\/v2\/categories?post=2934"},{"taxonomy":"post_tag","embeddable":true,"href":"https:\/\/agora.xtec.cat\/ceipgranullarius\/wp-json\/wp\/v2\/tags?post=2934"}],"curies":[{"name":"wp","href":"https:\/\/api.w.org\/{rel}","templated":true}]}}